{"id":40950,"date":"2015-03-31T17:16:20","date_gmt":"2015-03-31T21:16:20","guid":{"rendered":"http:\/\/sosuaonline.net\/inicio\/?p=40950"},"modified":"2015-03-31T17:16:20","modified_gmt":"2015-03-31T21:16:20","slug":"coe-declara-alerta-verde-para-puerto-plata-y-gaspar-hernandez-por-lluvias","status":"publish","type":"post","link":"https:\/\/sosuaonline.net\/inicio\/coe-declara-alerta-verde-para-puerto-plata-y-gaspar-hernandez-por-lluvias\/","title":{"rendered":"COE declara alerta verde para Puerto Plata y Gaspar Hern\u00e1ndez por lluvias"},"content":{"rendered":"<div>\n<div id=\"crosscol\">\n<div id=\"HTML6\"><center><\/p>\n<div id=\"coinslidewrap\">\n<div id=\"coin-slider-coinautoslide\">\n<div id=\"coinautoslide\">\n<p id=\"cs-title-coinautoslide\" style=\"text-align: left;\"><a href=\"http:\/\/sosuaonline.net\/inicio\/wp-content\/uploads\/2015\/03\/31CBB38C-F294-4F3A-B537-B8A47503DC5F.jpg__334__240__CROPz5x334y240.jpg\"><img loading=\"lazy\" decoding=\"async\" data-attachment-id=\"40952\" data-permalink=\"https:\/\/sosuaonline.net\/inicio\/coe-declara-alerta-verde-para-puerto-plata-y-gaspar-hernandez-por-lluvias\/31cbb38c-f294-4f3a-b537-b8a47503dc5f-jpg__334__240__cropz5x334y240\/\" data-orig-file=\"https:\/\/sosuaonline.net\/inicio\/wp-content\/uploads\/2015\/03\/31CBB38C-F294-4F3A-B537-B8A47503DC5F.jpg__334__240__CROPz5x334y240.jpg\" data-orig-size=\"334,240\" data-comments-opened=\"0\" data-image-meta=\"{&quot;aperture&quot;:&quot;0&quot;,&quot;credit&quot;:&quot;&quot;,&quot;camera&quot;:&quot;&quot;,&quot;caption&quot;:&quot;&quot;,&quot;created_timestamp&quot;:&quot;0&quot;,&quot;copyright&quot;:&quot;&quot;,&quot;focal_length&quot;:&quot;0&quot;,&quot;iso&quot;:&quot;0&quot;,&quot;shutter_speed&quot;:&quot;0&quot;,&quot;title&quot;:&quot;&quot;,&quot;orientation&quot;:&quot;0&quot;}\" data-image-title=\"31CBB38C-F294-4F3A-B537-B8A47503DC5F.jpg__334__240__CROPz5x334y240\" data-image-description=\"\" data-image-caption=\"\" data-medium-file=\"https:\/\/sosuaonline.net\/inicio\/wp-content\/uploads\/2015\/03\/31CBB38C-F294-4F3A-B537-B8A47503DC5F.jpg__334__240__CROPz5x334y240-300x216.jpg\" data-large-file=\"https:\/\/sosuaonline.net\/inicio\/wp-content\/uploads\/2015\/03\/31CBB38C-F294-4F3A-B537-B8A47503DC5F.jpg__334__240__CROPz5x334y240.jpg\" class=\" size-full wp-image-40952 alignleft\" src=\"http:\/\/sosuaonline.net\/inicio\/wp-content\/uploads\/2015\/03\/31CBB38C-F294-4F3A-B537-B8A47503DC5F.jpg__334__240__CROPz5x334y240.jpg\" alt=\"31CBB38C-F294-4F3A-B537-B8A47503DC5F.jpg__334__240__CROPz5x334y240\" width=\"334\" height=\"240\" srcset=\"https:\/\/sosuaonline.net\/inicio\/wp-content\/uploads\/2015\/03\/31CBB38C-F294-4F3A-B537-B8A47503DC5F.jpg__334__240__CROPz5x334y240.jpg 334w, https:\/\/sosuaonline.net\/inicio\/wp-content\/uploads\/2015\/03\/31CBB38C-F294-4F3A-B537-B8A47503DC5F.jpg__334__240__CROPz5x334y240-300x216.jpg 300w, https:\/\/sosuaonline.net\/inicio\/wp-content\/uploads\/2015\/03\/31CBB38C-F294-4F3A-B537-B8A47503DC5F.jpg__334__240__CROPz5x334y240-105x75.jpg 105w\" sizes=\"auto, (max-width: 334px) 100vw, 334px\" \/><\/a>El Centro de Operaciones de Emergencias (COE) declar\u00f3 este martes la alerta verde (m\u00ednima) para la provincia Puerto Plata y el municipio Gaspar Hern\u00e1ndez (Espaillat), debido a las lluvias de las \u00faltimas horas en esas localidades.<\/p>\n<\/div>\n<\/div>\n<\/div>\n<p><\/center><\/div>\n<\/div>\n<\/div>\n<p><!--more--><\/p>\n<div id=\"content-wrapper\">\n<div id=\"main-wrapper\">\n<div id=\"main\">\n<div id=\"Blog1\">\n<div id=\"post-body-9043537498514808983\">\n<p style=\"text-align: left;\">El COE tom\u00f3 la medida ante posibles inundaciones en las zonas bajas de ambas comunidades, e inst\u00f3 a los organismos de protecci\u00f3n civil a tomar las medidas para salvar vidas y propiedades.<\/p>\n<p style=\"text-align: left;\">La Oficina Nacional de Meteorolog\u00eda (Onamet) anunci\u00f3 lluvias d\u00e9biles a moderadas sobre la costa norte, debido a un sistema frontal que se mueve lentamente hacia el este\/sureste del pa\u00eds.<\/p>\n<p style=\"text-align: left;\">\n<p style=\"text-align: left;\">EFE<\/p>\n<\/div>\n<\/div>\n<\/div>\n<\/div>\n<\/div>\n","protected":false},"excerpt":{"rendered":"<p>El Centro de Operaciones de Emergencias (COE) declar\u00f3 este martes la alerta verde (m\u00ednima) para la provincia Puerto Plata y el municipio Gaspar Hern\u00e1ndez (Espaillat), debido a las lluvias de las \u00faltimas horas en esas localidades.<\/p>\n","protected":false},"author":12,"featured_media":40952,"comment_status":"closed","ping_status":"closed","sticky":false,"template":"","format":"standard","meta":{"advanced_seo_description":"","jetpack_seo_html_title":"","jetpack_seo_noindex":false,"_jetpack_memberships_contains_paid_content":false,"footnotes":"","jetpack_publicize_message":"","jetpack_publicize_feature_enabled":true,"jetpack_social_post_already_shared":true,"jetpack_social_options":{"image_generator_settings":{"template":"highway","default_image_id":0,"font":"","enabled":false},"version":2}},"categories":[88],"tags":[],"class_list":["post-40950","post","type-post","status-publish","format-standard","has-post-thumbnail","hentry","category-noticias"],"jetpack_publicize_connections":[],"jetpack_featured_media_url":"https:\/\/sosuaonline.net\/inicio\/wp-content\/uploads\/2015\/03\/31CBB38C-F294-4F3A-B537-B8A47503DC5F.jpg__334__240__CROPz5x334y240.jpg","jetpack_sharing_enabled":true,"_links":{"self":[{"href":"https:\/\/sosuaonline.net\/inicio\/wp-json\/wp\/v2\/posts\/40950","targetHints":{"allow":["GET"]}}],"collection":[{"href":"https:\/\/sosuaonline.net\/inicio\/wp-json\/wp\/v2\/posts"}],"about":[{"href":"https:\/\/sosuaonline.net\/inicio\/wp-json\/wp\/v2\/types\/post"}],"author":[{"embeddable":true,"href":"https:\/\/sosuaonline.net\/inicio\/wp-json\/wp\/v2\/users\/12"}],"replies":[{"embeddable":true,"href":"https:\/\/sosuaonline.net\/inicio\/wp-json\/wp\/v2\/comments?post=40950"}],"version-history":[{"count":1,"href":"https:\/\/sosuaonline.net\/inicio\/wp-json\/wp\/v2\/posts\/40950\/revisions"}],"predecessor-version":[{"id":40953,"href":"https:\/\/sosuaonline.net\/inicio\/wp-json\/wp\/v2\/posts\/40950\/revisions\/40953"}],"wp:featuredmedia":[{"embeddable":true,"href":"https:\/\/sosuaonline.net\/inicio\/wp-json\/wp\/v2\/media\/40952"}],"wp:attachment":[{"href":"https:\/\/sosuaonline.net\/inicio\/wp-json\/wp\/v2\/media?parent=40950"}],"wp:term":[{"taxonomy":"category","embeddable":true,"href":"https:\/\/sosuaonline.net\/inicio\/wp-json\/wp\/v2\/categories?post=40950"},{"taxonomy":"post_tag","embeddable":true,"href":"https:\/\/sosuaonline.net\/inicio\/wp-json\/wp\/v2\/tags?post=40950"}],"curies":[{"name":"wp","href":"https:\/\/api.w.org\/{rel}","templated":true}]}}