{"id":54321,"date":"2016-03-25T13:07:47","date_gmt":"2016-03-25T17:07:47","guid":{"rendered":"http:\/\/sosuaonline.net\/inicio\/?p=54321"},"modified":"2016-03-25T13:07:47","modified_gmt":"2016-03-25T17:07:47","slug":"tres-personas-fallecidas-en-lo-que-va-de-semana-santa-segun-primer-boletin-coe","status":"publish","type":"post","link":"https:\/\/sosuaonline.net\/inicio\/tres-personas-fallecidas-en-lo-que-va-de-semana-santa-segun-primer-boletin-coe\/","title":{"rendered":"Tres personas fallecidas en lo que va de Semana Santa, seg\u00fan primer bolet\u00edn COE"},"content":{"rendered":"<p><a href=\"http:\/\/sosuaonline.net\/inicio\/wp-content\/uploads\/2016\/03\/image_content_6395595_20160325120036.jpg\" rel=\"attachment wp-att-54325\"><img loading=\"lazy\" decoding=\"async\" data-attachment-id=\"54325\" data-permalink=\"https:\/\/sosuaonline.net\/inicio\/tres-personas-fallecidas-en-lo-que-va-de-semana-santa-segun-primer-boletin-coe\/image_content_6395595_20160325120036\/\" data-orig-file=\"https:\/\/sosuaonline.net\/inicio\/wp-content\/uploads\/2016\/03\/image_content_6395595_20160325120036.jpg\" data-orig-size=\"693,370\" data-comments-opened=\"0\" data-image-meta=\"{&quot;aperture&quot;:&quot;0&quot;,&quot;credit&quot;:&quot;&quot;,&quot;camera&quot;:&quot;&quot;,&quot;caption&quot;:&quot;&quot;,&quot;created_timestamp&quot;:&quot;0&quot;,&quot;copyright&quot;:&quot;&quot;,&quot;focal_length&quot;:&quot;0&quot;,&quot;iso&quot;:&quot;0&quot;,&quot;shutter_speed&quot;:&quot;0&quot;,&quot;title&quot;:&quot;&quot;,&quot;orientation&quot;:&quot;0&quot;}\" data-image-title=\"image_content_6395595_20160325120036\" data-image-description=\"\" data-image-caption=\"\" data-medium-file=\"https:\/\/sosuaonline.net\/inicio\/wp-content\/uploads\/2016\/03\/image_content_6395595_20160325120036-300x160.jpg\" data-large-file=\"https:\/\/sosuaonline.net\/inicio\/wp-content\/uploads\/2016\/03\/image_content_6395595_20160325120036.jpg\" class=\"aligncenter size-full wp-image-54325\" src=\"http:\/\/sosuaonline.net\/inicio\/wp-content\/uploads\/2016\/03\/image_content_6395595_20160325120036.jpg\" alt=\"image_content_6395595_20160325120036\" width=\"693\" height=\"370\" srcset=\"https:\/\/sosuaonline.net\/inicio\/wp-content\/uploads\/2016\/03\/image_content_6395595_20160325120036.jpg 693w, https:\/\/sosuaonline.net\/inicio\/wp-content\/uploads\/2016\/03\/image_content_6395595_20160325120036-300x160.jpg 300w\" sizes=\"auto, (max-width: 693px) 100vw, 693px\" \/><\/a>SANTO DOMINGO. El Centro de Operaciones de Emergencias (COE) report\u00f3 la muerte de tres personas en lo que va del feriado de Semana Santa.<!--more--><\/p>\n<p>Seg\u00fan el primer bolet\u00edn del \u201cPlan Operativo \u201cDe la Reconciliaci\u00f3n y Valores Semana Santa 2016\u201d, dos de las personas fallecieron en accidentes de tr\u00e1nsito y una tercera, ahogada.<\/p>\n<p>El general Juan Manuel M\u00e9ndez, director del COE, explic\u00f3 que se reportaron 44 accidentes de tr\u00e1nsito, 32 de ellos en autopistas y carreteras en tanto que el resto fue en el casco urbano donde resultaron afectadas un total de 39 personas.<\/p>\n<p>De estos accidentes 32 involucraron a motocicletas, 11 a veh\u00edculos livianos y un atropellado.<\/p>\n","protected":false},"excerpt":{"rendered":"<p>SANTO DOMINGO. El Centro de Operaciones de Emergencias (COE) report\u00f3 la muerte de tres personas en lo que va del feriado de Semana Santa.<\/p>\n","protected":false},"author":12,"featured_media":54325,"comment_status":"closed","ping_status":"closed","sticky":false,"template":"","format":"standard","meta":{"advanced_seo_description":"","jetpack_seo_html_title":"","jetpack_seo_noindex":false,"_jetpack_memberships_contains_paid_content":false,"footnotes":"","jetpack_publicize_message":"","jetpack_publicize_feature_enabled":true,"jetpack_social_post_already_shared":true,"jetpack_social_options":{"image_generator_settings":{"template":"highway","default_image_id":0,"font":"","enabled":false},"version":2}},"categories":[88],"tags":[],"class_list":["post-54321","post","type-post","status-publish","format-standard","has-post-thumbnail","hentry","category-noticias"],"jetpack_publicize_connections":[],"jetpack_featured_media_url":"https:\/\/sosuaonline.net\/inicio\/wp-content\/uploads\/2016\/03\/image_content_6395595_20160325120036.jpg","jetpack_sharing_enabled":true,"_links":{"self":[{"href":"https:\/\/sosuaonline.net\/inicio\/wp-json\/wp\/v2\/posts\/54321","targetHints":{"allow":["GET"]}}],"collection":[{"href":"https:\/\/sosuaonline.net\/inicio\/wp-json\/wp\/v2\/posts"}],"about":[{"href":"https:\/\/sosuaonline.net\/inicio\/wp-json\/wp\/v2\/types\/post"}],"author":[{"embeddable":true,"href":"https:\/\/sosuaonline.net\/inicio\/wp-json\/wp\/v2\/users\/12"}],"replies":[{"embeddable":true,"href":"https:\/\/sosuaonline.net\/inicio\/wp-json\/wp\/v2\/comments?post=54321"}],"version-history":[{"count":1,"href":"https:\/\/sosuaonline.net\/inicio\/wp-json\/wp\/v2\/posts\/54321\/revisions"}],"predecessor-version":[{"id":54326,"href":"https:\/\/sosuaonline.net\/inicio\/wp-json\/wp\/v2\/posts\/54321\/revisions\/54326"}],"wp:featuredmedia":[{"embeddable":true,"href":"https:\/\/sosuaonline.net\/inicio\/wp-json\/wp\/v2\/media\/54325"}],"wp:attachment":[{"href":"https:\/\/sosuaonline.net\/inicio\/wp-json\/wp\/v2\/media?parent=54321"}],"wp:term":[{"taxonomy":"category","embeddable":true,"href":"https:\/\/sosuaonline.net\/inicio\/wp-json\/wp\/v2\/categories?post=54321"},{"taxonomy":"post_tag","embeddable":true,"href":"https:\/\/sosuaonline.net\/inicio\/wp-json\/wp\/v2\/tags?post=54321"}],"curies":[{"name":"wp","href":"https:\/\/api.w.org\/{rel}","templated":true}]}}