{"id":54328,"date":"2016-03-25T13:36:02","date_gmt":"2016-03-25T17:36:02","guid":{"rendered":"http:\/\/sosuaonline.net\/inicio\/?p=54328"},"modified":"2016-03-25T13:36:02","modified_gmt":"2016-03-25T17:36:02","slug":"defensa-civil-comienza-el-viernes-santo-bajo-normalidad-fotos","status":"publish","type":"post","link":"https:\/\/sosuaonline.net\/inicio\/defensa-civil-comienza-el-viernes-santo-bajo-normalidad-fotos\/","title":{"rendered":"Defensa Civil comienza el viernes Santo bajo normalidad #fotos"},"content":{"rendered":"<p><a href=\"http:\/\/sosuaonline.net\/inicio\/wp-content\/uploads\/2016\/03\/599b9ce8-cec4-453e-a8a2-47f996aa335a.jpg\" rel=\"attachment wp-att-54330\"><img loading=\"lazy\" decoding=\"async\" data-attachment-id=\"54330\" data-permalink=\"https:\/\/sosuaonline.net\/inicio\/defensa-civil-comienza-el-viernes-santo-bajo-normalidad-fotos\/599b9ce8-cec4-453e-a8a2-47f996aa335a\/\" data-orig-file=\"https:\/\/sosuaonline.net\/inicio\/wp-content\/uploads\/2016\/03\/599b9ce8-cec4-453e-a8a2-47f996aa335a.jpg\" data-orig-size=\"1600,1200\" data-comments-opened=\"0\" data-image-meta=\"{&quot;aperture&quot;:&quot;0&quot;,&quot;credit&quot;:&quot;&quot;,&quot;camera&quot;:&quot;&quot;,&quot;caption&quot;:&quot;&quot;,&quot;created_timestamp&quot;:&quot;0&quot;,&quot;copyright&quot;:&quot;&quot;,&quot;focal_length&quot;:&quot;0&quot;,&quot;iso&quot;:&quot;0&quot;,&quot;shutter_speed&quot;:&quot;0&quot;,&quot;title&quot;:&quot;&quot;,&quot;orientation&quot;:&quot;1&quot;}\" data-image-title=\"599b9ce8-cec4-453e-a8a2-47f996aa335a\" data-image-description=\"\" data-image-caption=\"\" data-medium-file=\"https:\/\/sosuaonline.net\/inicio\/wp-content\/uploads\/2016\/03\/599b9ce8-cec4-453e-a8a2-47f996aa335a-300x225.jpg\" data-large-file=\"https:\/\/sosuaonline.net\/inicio\/wp-content\/uploads\/2016\/03\/599b9ce8-cec4-453e-a8a2-47f996aa335a-1024x768.jpg\" class=\"aligncenter  wp-image-54330\" src=\"http:\/\/sosuaonline.net\/inicio\/wp-content\/uploads\/2016\/03\/599b9ce8-cec4-453e-a8a2-47f996aa335a.jpg\" alt=\"599b9ce8-cec4-453e-a8a2-47f996aa335a\" width=\"820\" height=\"615\" srcset=\"https:\/\/sosuaonline.net\/inicio\/wp-content\/uploads\/2016\/03\/599b9ce8-cec4-453e-a8a2-47f996aa335a.jpg 1600w, https:\/\/sosuaonline.net\/inicio\/wp-content\/uploads\/2016\/03\/599b9ce8-cec4-453e-a8a2-47f996aa335a-300x225.jpg 300w, https:\/\/sosuaonline.net\/inicio\/wp-content\/uploads\/2016\/03\/599b9ce8-cec4-453e-a8a2-47f996aa335a-768x576.jpg 768w, https:\/\/sosuaonline.net\/inicio\/wp-content\/uploads\/2016\/03\/599b9ce8-cec4-453e-a8a2-47f996aa335a-1024x768.jpg 1024w\" sizes=\"auto, (max-width: 820px) 100vw, 820px\" \/><\/a>Sos\u00faa.- Bajo normalidad la Defensa Civil de Sos\u00faa dio comienzo a su labor de Viernes Santo, recibiendo a primeras horas la visita del Presidente del\u00a0Comit\u00e9 Nacional de Emergencia y Director de la Defensa Civil, El Mayor General R<strong>afael Emilio De Luna Pichirilo<\/strong>, \u00a0y el Gobernador Provincial\u00a0Doctor <strong>Iv\u00e1n Rivera,\u00a0<\/strong>quienes supervisaban los trabajos de informaci\u00f3n, seguridad, prevenci\u00f3n y rescate que efect\u00faa, esta entidad de socorro en todo nuestro litoral.<!--more--><\/p>\n\n\t\t<style type=\"text\/css\">\n\t\t\t#gallery-1 {\n\t\t\t\tmargin: auto;\n\t\t\t}\n\t\t\t#gallery-1 .gallery-item {\n\t\t\t\tfloat: left;\n\t\t\t\tmargin-top: 10px;\n\t\t\t\ttext-align: center;\n\t\t\t\twidth: 33%;\n\t\t\t}\n\t\t\t#gallery-1 img {\n\t\t\t\tborder: 2px solid #cfcfcf;\n\t\t\t}\n\t\t\t#gallery-1 .gallery-caption {\n\t\t\t\tmargin-left: 0;\n\t\t\t}\n\t\t\t\/* see gallery_shortcode() in wp-includes\/media.php *\/\n\t\t<\/style>\n\t\t<div data-carousel-extra='{&quot;blog_id&quot;:1,&quot;permalink&quot;:&quot;https:\/\/sosuaonline.net\/inicio\/defensa-civil-comienza-el-viernes-santo-bajo-normalidad-fotos\/&quot;}' id='gallery-1' class='gallery galleryid-54328 gallery-columns-3 gallery-size-full'><dl class='gallery-item'>\n\t\t\t<dt class='gallery-icon portrait'>\n\t\t\t\t<a href='https:\/\/sosuaonline.net\/inicio\/defensa-civil-comienza-el-viernes-santo-bajo-normalidad-fotos\/9a9b34cf-fa50-4d34-8530-84e844bc50f3\/'><img loading=\"lazy\" decoding=\"async\" width=\"1195\" height=\"1600\" src=\"https:\/\/sosuaonline.net\/inicio\/wp-content\/uploads\/2016\/03\/9a9b34cf-fa50-4d34-8530-84e844bc50f3.jpg\" class=\"attachment-full size-full\" alt=\"\" srcset=\"https:\/\/sosuaonline.net\/inicio\/wp-content\/uploads\/2016\/03\/9a9b34cf-fa50-4d34-8530-84e844bc50f3.jpg 1195w, https:\/\/sosuaonline.net\/inicio\/wp-content\/uploads\/2016\/03\/9a9b34cf-fa50-4d34-8530-84e844bc50f3-224x300.jpg 224w, https:\/\/sosuaonline.net\/inicio\/wp-content\/uploads\/2016\/03\/9a9b34cf-fa50-4d34-8530-84e844bc50f3-768x1028.jpg 768w, https:\/\/sosuaonline.net\/inicio\/wp-content\/uploads\/2016\/03\/9a9b34cf-fa50-4d34-8530-84e844bc50f3-765x1024.jpg 765w\" sizes=\"auto, (max-width: 1195px) 100vw, 1195px\" data-attachment-id=\"54329\" data-permalink=\"https:\/\/sosuaonline.net\/inicio\/defensa-civil-comienza-el-viernes-santo-bajo-normalidad-fotos\/9a9b34cf-fa50-4d34-8530-84e844bc50f3\/\" data-orig-file=\"https:\/\/sosuaonline.net\/inicio\/wp-content\/uploads\/2016\/03\/9a9b34cf-fa50-4d34-8530-84e844bc50f3.jpg\" data-orig-size=\"1195,1600\" data-comments-opened=\"0\" data-image-meta=\"{&quot;aperture&quot;:&quot;0&quot;,&quot;credit&quot;:&quot;&quot;,&quot;camera&quot;:&quot;&quot;,&quot;caption&quot;:&quot;&quot;,&quot;created_timestamp&quot;:&quot;0&quot;,&quot;copyright&quot;:&quot;&quot;,&quot;focal_length&quot;:&quot;0&quot;,&quot;iso&quot;:&quot;0&quot;,&quot;shutter_speed&quot;:&quot;0&quot;,&quot;title&quot;:&quot;&quot;,&quot;orientation&quot;:&quot;1&quot;}\" data-image-title=\"9a9b34cf-fa50-4d34-8530-84e844bc50f3\" data-image-description=\"\" data-image-caption=\"\" data-medium-file=\"https:\/\/sosuaonline.net\/inicio\/wp-content\/uploads\/2016\/03\/9a9b34cf-fa50-4d34-8530-84e844bc50f3-224x300.jpg\" data-large-file=\"https:\/\/sosuaonline.net\/inicio\/wp-content\/uploads\/2016\/03\/9a9b34cf-fa50-4d34-8530-84e844bc50f3-765x1024.jpg\" \/><\/a>\n\t\t\t<\/dt><\/dl><dl class='gallery-item'>\n\t\t\t<dt class='gallery-icon landscape'>\n\t\t\t\t<a href='https:\/\/sosuaonline.net\/inicio\/defensa-civil-comienza-el-viernes-santo-bajo-normalidad-fotos\/599b9ce8-cec4-453e-a8a2-47f996aa335a\/'><img loading=\"lazy\" decoding=\"async\" width=\"1600\" height=\"1200\" src=\"https:\/\/sosuaonline.net\/inicio\/wp-content\/uploads\/2016\/03\/599b9ce8-cec4-453e-a8a2-47f996aa335a.jpg\" class=\"attachment-full size-full\" alt=\"\" srcset=\"https:\/\/sosuaonline.net\/inicio\/wp-content\/uploads\/2016\/03\/599b9ce8-cec4-453e-a8a2-47f996aa335a.jpg 1600w, https:\/\/sosuaonline.net\/inicio\/wp-content\/uploads\/2016\/03\/599b9ce8-cec4-453e-a8a2-47f996aa335a-300x225.jpg 300w, https:\/\/sosuaonline.net\/inicio\/wp-content\/uploads\/2016\/03\/599b9ce8-cec4-453e-a8a2-47f996aa335a-768x576.jpg 768w, https:\/\/sosuaonline.net\/inicio\/wp-content\/uploads\/2016\/03\/599b9ce8-cec4-453e-a8a2-47f996aa335a-1024x768.jpg 1024w\" sizes=\"auto, (max-width: 1600px) 100vw, 1600px\" data-attachment-id=\"54330\" data-permalink=\"https:\/\/sosuaonline.net\/inicio\/defensa-civil-comienza-el-viernes-santo-bajo-normalidad-fotos\/599b9ce8-cec4-453e-a8a2-47f996aa335a\/\" data-orig-file=\"https:\/\/sosuaonline.net\/inicio\/wp-content\/uploads\/2016\/03\/599b9ce8-cec4-453e-a8a2-47f996aa335a.jpg\" data-orig-size=\"1600,1200\" data-comments-opened=\"0\" data-image-meta=\"{&quot;aperture&quot;:&quot;0&quot;,&quot;credit&quot;:&quot;&quot;,&quot;camera&quot;:&quot;&quot;,&quot;caption&quot;:&quot;&quot;,&quot;created_timestamp&quot;:&quot;0&quot;,&quot;copyright&quot;:&quot;&quot;,&quot;focal_length&quot;:&quot;0&quot;,&quot;iso&quot;:&quot;0&quot;,&quot;shutter_speed&quot;:&quot;0&quot;,&quot;title&quot;:&quot;&quot;,&quot;orientation&quot;:&quot;1&quot;}\" data-image-title=\"599b9ce8-cec4-453e-a8a2-47f996aa335a\" data-image-description=\"\" data-image-caption=\"\" data-medium-file=\"https:\/\/sosuaonline.net\/inicio\/wp-content\/uploads\/2016\/03\/599b9ce8-cec4-453e-a8a2-47f996aa335a-300x225.jpg\" data-large-file=\"https:\/\/sosuaonline.net\/inicio\/wp-content\/uploads\/2016\/03\/599b9ce8-cec4-453e-a8a2-47f996aa335a-1024x768.jpg\" \/><\/a>\n\t\t\t<\/dt><\/dl><dl class='gallery-item'>\n\t\t\t<dt class='gallery-icon landscape'>\n\t\t\t\t<a href='https:\/\/sosuaonline.net\/inicio\/defensa-civil-comienza-el-viernes-santo-bajo-normalidad-fotos\/88308eb9-b5bf-4790-9e69-5e97a016d200\/'><img loading=\"lazy\" decoding=\"async\" width=\"1600\" height=\"1200\" src=\"https:\/\/sosuaonline.net\/inicio\/wp-content\/uploads\/2016\/03\/88308eb9-b5bf-4790-9e69-5e97a016d200.jpg\" class=\"attachment-full size-full\" alt=\"\" srcset=\"https:\/\/sosuaonline.net\/inicio\/wp-content\/uploads\/2016\/03\/88308eb9-b5bf-4790-9e69-5e97a016d200.jpg 1600w, https:\/\/sosuaonline.net\/inicio\/wp-content\/uploads\/2016\/03\/88308eb9-b5bf-4790-9e69-5e97a016d200-300x225.jpg 300w, https:\/\/sosuaonline.net\/inicio\/wp-content\/uploads\/2016\/03\/88308eb9-b5bf-4790-9e69-5e97a016d200-768x576.jpg 768w, https:\/\/sosuaonline.net\/inicio\/wp-content\/uploads\/2016\/03\/88308eb9-b5bf-4790-9e69-5e97a016d200-1024x768.jpg 1024w\" sizes=\"auto, (max-width: 1600px) 100vw, 1600px\" data-attachment-id=\"54331\" data-permalink=\"https:\/\/sosuaonline.net\/inicio\/defensa-civil-comienza-el-viernes-santo-bajo-normalidad-fotos\/88308eb9-b5bf-4790-9e69-5e97a016d200\/\" data-orig-file=\"https:\/\/sosuaonline.net\/inicio\/wp-content\/uploads\/2016\/03\/88308eb9-b5bf-4790-9e69-5e97a016d200.jpg\" data-orig-size=\"1600,1200\" data-comments-opened=\"0\" data-image-meta=\"{&quot;aperture&quot;:&quot;0&quot;,&quot;credit&quot;:&quot;&quot;,&quot;camera&quot;:&quot;&quot;,&quot;caption&quot;:&quot;&quot;,&quot;created_timestamp&quot;:&quot;0&quot;,&quot;copyright&quot;:&quot;&quot;,&quot;focal_length&quot;:&quot;0&quot;,&quot;iso&quot;:&quot;0&quot;,&quot;shutter_speed&quot;:&quot;0&quot;,&quot;title&quot;:&quot;&quot;,&quot;orientation&quot;:&quot;1&quot;}\" data-image-title=\"88308eb9-b5bf-4790-9e69-5e97a016d200\" data-image-description=\"\" data-image-caption=\"\" data-medium-file=\"https:\/\/sosuaonline.net\/inicio\/wp-content\/uploads\/2016\/03\/88308eb9-b5bf-4790-9e69-5e97a016d200-300x225.jpg\" data-large-file=\"https:\/\/sosuaonline.net\/inicio\/wp-content\/uploads\/2016\/03\/88308eb9-b5bf-4790-9e69-5e97a016d200-1024x768.jpg\" \/><\/a>\n\t\t\t<\/dt><\/dl><br style=\"clear: both\" \/><dl class='gallery-item'>\n\t\t\t<dt class='gallery-icon portrait'>\n\t\t\t\t<a href='https:\/\/sosuaonline.net\/inicio\/defensa-civil-comienza-el-viernes-santo-bajo-normalidad-fotos\/838078a4-c590-42da-ad63-41a38e6a7568\/'><img loading=\"lazy\" decoding=\"async\" width=\"1195\" height=\"1600\" src=\"https:\/\/sosuaonline.net\/inicio\/wp-content\/uploads\/2016\/03\/838078a4-c590-42da-ad63-41a38e6a7568.jpg\" class=\"attachment-full size-full\" alt=\"\" srcset=\"https:\/\/sosuaonline.net\/inicio\/wp-content\/uploads\/2016\/03\/838078a4-c590-42da-ad63-41a38e6a7568.jpg 1195w, https:\/\/sosuaonline.net\/inicio\/wp-content\/uploads\/2016\/03\/838078a4-c590-42da-ad63-41a38e6a7568-224x300.jpg 224w, https:\/\/sosuaonline.net\/inicio\/wp-content\/uploads\/2016\/03\/838078a4-c590-42da-ad63-41a38e6a7568-768x1028.jpg 768w, https:\/\/sosuaonline.net\/inicio\/wp-content\/uploads\/2016\/03\/838078a4-c590-42da-ad63-41a38e6a7568-765x1024.jpg 765w\" sizes=\"auto, (max-width: 1195px) 100vw, 1195px\" data-attachment-id=\"54332\" data-permalink=\"https:\/\/sosuaonline.net\/inicio\/defensa-civil-comienza-el-viernes-santo-bajo-normalidad-fotos\/838078a4-c590-42da-ad63-41a38e6a7568\/\" data-orig-file=\"https:\/\/sosuaonline.net\/inicio\/wp-content\/uploads\/2016\/03\/838078a4-c590-42da-ad63-41a38e6a7568.jpg\" data-orig-size=\"1195,1600\" data-comments-opened=\"0\" data-image-meta=\"{&quot;aperture&quot;:&quot;0&quot;,&quot;credit&quot;:&quot;&quot;,&quot;camera&quot;:&quot;&quot;,&quot;caption&quot;:&quot;&quot;,&quot;created_timestamp&quot;:&quot;0&quot;,&quot;copyright&quot;:&quot;&quot;,&quot;focal_length&quot;:&quot;0&quot;,&quot;iso&quot;:&quot;0&quot;,&quot;shutter_speed&quot;:&quot;0&quot;,&quot;title&quot;:&quot;&quot;,&quot;orientation&quot;:&quot;1&quot;}\" data-image-title=\"838078a4-c590-42da-ad63-41a38e6a7568\" data-image-description=\"\" data-image-caption=\"\" data-medium-file=\"https:\/\/sosuaonline.net\/inicio\/wp-content\/uploads\/2016\/03\/838078a4-c590-42da-ad63-41a38e6a7568-224x300.jpg\" data-large-file=\"https:\/\/sosuaonline.net\/inicio\/wp-content\/uploads\/2016\/03\/838078a4-c590-42da-ad63-41a38e6a7568-765x1024.jpg\" \/><\/a>\n\t\t\t<\/dt><\/dl><dl class='gallery-item'>\n\t\t\t<dt class='gallery-icon landscape'>\n\t\t\t\t<a href='https:\/\/sosuaonline.net\/inicio\/defensa-civil-comienza-el-viernes-santo-bajo-normalidad-fotos\/df6d56d6-3776-46ab-b46a-c83d778ef16b\/'><img loading=\"lazy\" decoding=\"async\" width=\"1600\" height=\"1200\" src=\"https:\/\/sosuaonline.net\/inicio\/wp-content\/uploads\/2016\/03\/df6d56d6-3776-46ab-b46a-c83d778ef16b.jpg\" class=\"attachment-full size-full\" alt=\"\" srcset=\"https:\/\/sosuaonline.net\/inicio\/wp-content\/uploads\/2016\/03\/df6d56d6-3776-46ab-b46a-c83d778ef16b.jpg 1600w, https:\/\/sosuaonline.net\/inicio\/wp-content\/uploads\/2016\/03\/df6d56d6-3776-46ab-b46a-c83d778ef16b-300x225.jpg 300w, https:\/\/sosuaonline.net\/inicio\/wp-content\/uploads\/2016\/03\/df6d56d6-3776-46ab-b46a-c83d778ef16b-768x576.jpg 768w, https:\/\/sosuaonline.net\/inicio\/wp-content\/uploads\/2016\/03\/df6d56d6-3776-46ab-b46a-c83d778ef16b-1024x768.jpg 1024w\" sizes=\"auto, (max-width: 1600px) 100vw, 1600px\" data-attachment-id=\"54333\" data-permalink=\"https:\/\/sosuaonline.net\/inicio\/defensa-civil-comienza-el-viernes-santo-bajo-normalidad-fotos\/df6d56d6-3776-46ab-b46a-c83d778ef16b\/\" data-orig-file=\"https:\/\/sosuaonline.net\/inicio\/wp-content\/uploads\/2016\/03\/df6d56d6-3776-46ab-b46a-c83d778ef16b.jpg\" data-orig-size=\"1600,1200\" data-comments-opened=\"0\" data-image-meta=\"{&quot;aperture&quot;:&quot;0&quot;,&quot;credit&quot;:&quot;&quot;,&quot;camera&quot;:&quot;&quot;,&quot;caption&quot;:&quot;&quot;,&quot;created_timestamp&quot;:&quot;0&quot;,&quot;copyright&quot;:&quot;&quot;,&quot;focal_length&quot;:&quot;0&quot;,&quot;iso&quot;:&quot;0&quot;,&quot;shutter_speed&quot;:&quot;0&quot;,&quot;title&quot;:&quot;&quot;,&quot;orientation&quot;:&quot;1&quot;}\" data-image-title=\"df6d56d6-3776-46ab-b46a-c83d778ef16b\" data-image-description=\"\" data-image-caption=\"\" data-medium-file=\"https:\/\/sosuaonline.net\/inicio\/wp-content\/uploads\/2016\/03\/df6d56d6-3776-46ab-b46a-c83d778ef16b-300x225.jpg\" data-large-file=\"https:\/\/sosuaonline.net\/inicio\/wp-content\/uploads\/2016\/03\/df6d56d6-3776-46ab-b46a-c83d778ef16b-1024x768.jpg\" \/><\/a>\n\t\t\t<\/dt><\/dl><dl class='gallery-item'>\n\t\t\t<dt class='gallery-icon landscape'>\n\t\t\t\t<a href='https:\/\/sosuaonline.net\/inicio\/defensa-civil-comienza-el-viernes-santo-bajo-normalidad-fotos\/eb93d010-aa72-45a3-885a-c747f9dff28a\/'><img loading=\"lazy\" decoding=\"async\" width=\"1600\" height=\"1200\" src=\"https:\/\/sosuaonline.net\/inicio\/wp-content\/uploads\/2016\/03\/eb93d010-aa72-45a3-885a-c747f9dff28a.jpg\" class=\"attachment-full size-full\" alt=\"\" srcset=\"https:\/\/sosuaonline.net\/inicio\/wp-content\/uploads\/2016\/03\/eb93d010-aa72-45a3-885a-c747f9dff28a.jpg 1600w, https:\/\/sosuaonline.net\/inicio\/wp-content\/uploads\/2016\/03\/eb93d010-aa72-45a3-885a-c747f9dff28a-300x225.jpg 300w, https:\/\/sosuaonline.net\/inicio\/wp-content\/uploads\/2016\/03\/eb93d010-aa72-45a3-885a-c747f9dff28a-768x576.jpg 768w, https:\/\/sosuaonline.net\/inicio\/wp-content\/uploads\/2016\/03\/eb93d010-aa72-45a3-885a-c747f9dff28a-1024x768.jpg 1024w\" sizes=\"auto, (max-width: 1600px) 100vw, 1600px\" data-attachment-id=\"54334\" data-permalink=\"https:\/\/sosuaonline.net\/inicio\/defensa-civil-comienza-el-viernes-santo-bajo-normalidad-fotos\/eb93d010-aa72-45a3-885a-c747f9dff28a\/\" data-orig-file=\"https:\/\/sosuaonline.net\/inicio\/wp-content\/uploads\/2016\/03\/eb93d010-aa72-45a3-885a-c747f9dff28a.jpg\" data-orig-size=\"1600,1200\" data-comments-opened=\"0\" data-image-meta=\"{&quot;aperture&quot;:&quot;0&quot;,&quot;credit&quot;:&quot;&quot;,&quot;camera&quot;:&quot;&quot;,&quot;caption&quot;:&quot;&quot;,&quot;created_timestamp&quot;:&quot;0&quot;,&quot;copyright&quot;:&quot;&quot;,&quot;focal_length&quot;:&quot;0&quot;,&quot;iso&quot;:&quot;0&quot;,&quot;shutter_speed&quot;:&quot;0&quot;,&quot;title&quot;:&quot;&quot;,&quot;orientation&quot;:&quot;1&quot;}\" data-image-title=\"eb93d010-aa72-45a3-885a-c747f9dff28a\" data-image-description=\"\" data-image-caption=\"\" data-medium-file=\"https:\/\/sosuaonline.net\/inicio\/wp-content\/uploads\/2016\/03\/eb93d010-aa72-45a3-885a-c747f9dff28a-300x225.jpg\" data-large-file=\"https:\/\/sosuaonline.net\/inicio\/wp-content\/uploads\/2016\/03\/eb93d010-aa72-45a3-885a-c747f9dff28a-1024x768.jpg\" \/><\/a>\n\t\t\t<\/dt><\/dl><br style=\"clear: both\" \/>\n\t\t<\/div>\n\n","protected":false},"excerpt":{"rendered":"<p>Sos\u00faa.- Bajo normalidad la Defensa Civil de Sos\u00faa dio comienzo a su labor de Viernes Santo, recibiendo a primeras horas la visita del Presidente del\u00a0Comit\u00e9 Nacional de Emergencia y Director de la Defensa Civil, El Mayor General Rafael Emilio De Luna Pichirilo, \u00a0y el Gobernador Provincial\u00a0Doctor Iv\u00e1n Rivera,\u00a0quienes supervisaban los trabajos de informaci\u00f3n, seguridad, prevenci\u00f3n y rescate que efect\u00faa, esta entidad de socorro en todo nuestro litoral.<\/p>\n","protected":false},"author":12,"featured_media":54330,"comment_status":"closed","ping_status":"closed","sticky":false,"template":"","format":"standard","meta":{"advanced_seo_description":"","jetpack_seo_html_title":"","jetpack_seo_noindex":false,"_jetpack_memberships_contains_paid_content":false,"footnotes":"","jetpack_publicize_message":"","jetpack_publicize_feature_enabled":true,"jetpack_social_post_already_shared":true,"jetpack_social_options":{"image_generator_settings":{"template":"highway","default_image_id":0,"font":"","enabled":false},"version":2}},"categories":[88,3],"tags":[],"class_list":["post-54328","post","type-post","status-publish","format-standard","has-post-thumbnail","hentry","category-noticias","category-sosua-en-el-mundo"],"jetpack_publicize_connections":[],"jetpack_featured_media_url":"https:\/\/sosuaonline.net\/inicio\/wp-content\/uploads\/2016\/03\/599b9ce8-cec4-453e-a8a2-47f996aa335a.jpg","jetpack_sharing_enabled":true,"_links":{"self":[{"href":"https:\/\/sosuaonline.net\/inicio\/wp-json\/wp\/v2\/posts\/54328","targetHints":{"allow":["GET"]}}],"collection":[{"href":"https:\/\/sosuaonline.net\/inicio\/wp-json\/wp\/v2\/posts"}],"about":[{"href":"https:\/\/sosuaonline.net\/inicio\/wp-json\/wp\/v2\/types\/post"}],"author":[{"embeddable":true,"href":"https:\/\/sosuaonline.net\/inicio\/wp-json\/wp\/v2\/users\/12"}],"replies":[{"embeddable":true,"href":"https:\/\/sosuaonline.net\/inicio\/wp-json\/wp\/v2\/comments?post=54328"}],"version-history":[{"count":1,"href":"https:\/\/sosuaonline.net\/inicio\/wp-json\/wp\/v2\/posts\/54328\/revisions"}],"predecessor-version":[{"id":54335,"href":"https:\/\/sosuaonline.net\/inicio\/wp-json\/wp\/v2\/posts\/54328\/revisions\/54335"}],"wp:featuredmedia":[{"embeddable":true,"href":"https:\/\/sosuaonline.net\/inicio\/wp-json\/wp\/v2\/media\/54330"}],"wp:attachment":[{"href":"https:\/\/sosuaonline.net\/inicio\/wp-json\/wp\/v2\/media?parent=54328"}],"wp:term":[{"taxonomy":"category","embeddable":true,"href":"https:\/\/sosuaonline.net\/inicio\/wp-json\/wp\/v2\/categories?post=54328"},{"taxonomy":"post_tag","embeddable":true,"href":"https:\/\/sosuaonline.net\/inicio\/wp-json\/wp\/v2\/tags?post=54328"}],"curies":[{"name":"wp","href":"https:\/\/api.w.org\/{rel}","templated":true}]}}