{"id":54347,"date":"2016-03-25T14:04:33","date_gmt":"2016-03-25T18:04:33","guid":{"rendered":"http:\/\/sosuaonline.net\/inicio\/?p=54347"},"modified":"2016-03-25T14:04:33","modified_gmt":"2016-03-25T18:04:33","slug":"apresan-cinco-venezolanos-con-349-paquetes-cocaina-en-la-romana","status":"publish","type":"post","link":"https:\/\/sosuaonline.net\/inicio\/apresan-cinco-venezolanos-con-349-paquetes-cocaina-en-la-romana\/","title":{"rendered":"Apresan cinco venezolanos con 349 paquetes coca\u00edna en La Romana"},"content":{"rendered":"<p><a href=\"http:\/\/sosuaonline.net\/inicio\/wp-content\/uploads\/2016\/03\/vbbgdg.jpg\" rel=\"attachment wp-att-54348\"><img loading=\"lazy\" decoding=\"async\" data-attachment-id=\"54348\" data-permalink=\"https:\/\/sosuaonline.net\/inicio\/apresan-cinco-venezolanos-con-349-paquetes-cocaina-en-la-romana\/vbbgdg\/\" data-orig-file=\"https:\/\/sosuaonline.net\/inicio\/wp-content\/uploads\/2016\/03\/vbbgdg.jpg\" data-orig-size=\"580,386\" data-comments-opened=\"0\" data-image-meta=\"{&quot;aperture&quot;:&quot;0&quot;,&quot;credit&quot;:&quot;&quot;,&quot;camera&quot;:&quot;&quot;,&quot;caption&quot;:&quot;&quot;,&quot;created_timestamp&quot;:&quot;0&quot;,&quot;copyright&quot;:&quot;&quot;,&quot;focal_length&quot;:&quot;0&quot;,&quot;iso&quot;:&quot;0&quot;,&quot;shutter_speed&quot;:&quot;0&quot;,&quot;title&quot;:&quot;&quot;,&quot;orientation&quot;:&quot;0&quot;}\" data-image-title=\"vbbgdg\" data-image-description=\"\" data-image-caption=\"\" data-medium-file=\"https:\/\/sosuaonline.net\/inicio\/wp-content\/uploads\/2016\/03\/vbbgdg-300x200.jpg\" data-large-file=\"https:\/\/sosuaonline.net\/inicio\/wp-content\/uploads\/2016\/03\/vbbgdg.jpg\" class=\"aligncenter size-full wp-image-54348\" src=\"http:\/\/sosuaonline.net\/inicio\/wp-content\/uploads\/2016\/03\/vbbgdg.jpg\" alt=\"vbbgdg\" width=\"580\" height=\"386\" srcset=\"https:\/\/sosuaonline.net\/inicio\/wp-content\/uploads\/2016\/03\/vbbgdg.jpg 580w, https:\/\/sosuaonline.net\/inicio\/wp-content\/uploads\/2016\/03\/vbbgdg-300x200.jpg 300w\" sizes=\"auto, (max-width: 580px) 100vw, 580px\" \/><\/a><\/p>\n<p>LA ROMANA.- La Direcci\u00f3n Nacional de Control de Drogas (DNCD) apres\u00f3 a cinco venezolanos con 349 paquetes de coca\u00edna en el Aeropuerto de La Romana en momentos en que un grupo de cuatro extranjeros arrib\u00f3 al pa\u00eds, procedente de la ciudad de Barquisimeto, de Venezuela.<!--more--><\/p>\n<p>Tambi\u00e9n fue apresado\u00a0otro suramericano\u00a0que esperaba al grupo\u00a0\u00a0en las afueras de la terminal en un carro para transportarlos.<\/p>\n<p>El grupo lleg\u00f3 desde Barquisimeto en la aeronave tipo Sesna, modelo C404, que fue incautado por las autoridades.<\/p>\n<p>La droga estaba distribuidos en 3 maletas y dos bultos.<\/p>\n<p>Adem\u00e1s, de la droga, a\u00a0los detenidos le fueron ocupados d\u00f3lares, pesos dominicanos, bol\u00edvares, varios celulares, GPS y documentos personales.<\/p>\n","protected":false},"excerpt":{"rendered":"<p>LA ROMANA.- La Direcci\u00f3n Nacional de Control de Drogas (DNCD) apres\u00f3 a cinco venezolanos con 349 paquetes de coca\u00edna en el Aeropuerto de La Romana en momentos en que un grupo de cuatro extranjeros arrib\u00f3 al pa\u00eds, procedente de la ciudad de Barquisimeto, de Venezuela.<\/p>\n","protected":false},"author":12,"featured_media":54349,"comment_status":"closed","ping_status":"closed","sticky":false,"template":"","format":"standard","meta":{"advanced_seo_description":"","jetpack_seo_html_title":"","jetpack_seo_noindex":false,"_jetpack_memberships_contains_paid_content":false,"footnotes":"","jetpack_publicize_message":"","jetpack_publicize_feature_enabled":true,"jetpack_social_post_already_shared":true,"jetpack_social_options":{"image_generator_settings":{"template":"highway","default_image_id":0,"font":"","enabled":false},"version":2}},"categories":[88],"tags":[],"class_list":["post-54347","post","type-post","status-publish","format-standard","has-post-thumbnail","hentry","category-noticias"],"jetpack_publicize_connections":[],"jetpack_featured_media_url":"https:\/\/sosuaonline.net\/inicio\/wp-content\/uploads\/2016\/03\/vbbgdg-1.jpg","jetpack_sharing_enabled":true,"_links":{"self":[{"href":"https:\/\/sosuaonline.net\/inicio\/wp-json\/wp\/v2\/posts\/54347","targetHints":{"allow":["GET"]}}],"collection":[{"href":"https:\/\/sosuaonline.net\/inicio\/wp-json\/wp\/v2\/posts"}],"about":[{"href":"https:\/\/sosuaonline.net\/inicio\/wp-json\/wp\/v2\/types\/post"}],"author":[{"embeddable":true,"href":"https:\/\/sosuaonline.net\/inicio\/wp-json\/wp\/v2\/users\/12"}],"replies":[{"embeddable":true,"href":"https:\/\/sosuaonline.net\/inicio\/wp-json\/wp\/v2\/comments?post=54347"}],"version-history":[{"count":1,"href":"https:\/\/sosuaonline.net\/inicio\/wp-json\/wp\/v2\/posts\/54347\/revisions"}],"predecessor-version":[{"id":54350,"href":"https:\/\/sosuaonline.net\/inicio\/wp-json\/wp\/v2\/posts\/54347\/revisions\/54350"}],"wp:featuredmedia":[{"embeddable":true,"href":"https:\/\/sosuaonline.net\/inicio\/wp-json\/wp\/v2\/media\/54349"}],"wp:attachment":[{"href":"https:\/\/sosuaonline.net\/inicio\/wp-json\/wp\/v2\/media?parent=54347"}],"wp:term":[{"taxonomy":"category","embeddable":true,"href":"https:\/\/sosuaonline.net\/inicio\/wp-json\/wp\/v2\/categories?post=54347"},{"taxonomy":"post_tag","embeddable":true,"href":"https:\/\/sosuaonline.net\/inicio\/wp-json\/wp\/v2\/tags?post=54347"}],"curies":[{"name":"wp","href":"https:\/\/api.w.org\/{rel}","templated":true}]}}