{"id":54351,"date":"2016-03-25T14:50:37","date_gmt":"2016-03-25T18:50:37","guid":{"rendered":"http:\/\/sosuaonline.net\/inicio\/?p=54351"},"modified":"2016-03-25T14:50:37","modified_gmt":"2016-03-25T18:50:37","slug":"en-europa-adelantaran-los-relojes-una-hora-la-madrugada-del-domingo","status":"publish","type":"post","link":"https:\/\/sosuaonline.net\/inicio\/en-europa-adelantaran-los-relojes-una-hora-la-madrugada-del-domingo\/","title":{"rendered":"En Europa adelantar\u00e1n los relojes una hora la madrugada del domingo"},"content":{"rendered":"<p><a href=\"http:\/\/sosuaonline.net\/inicio\/wp-content\/uploads\/2016\/03\/7FE4FFE7-F0EF-4997-9A81-A4B3E036F02A.jpg__778__440__CROPz3x778y440.jpg\" rel=\"attachment wp-att-54352\"><img loading=\"lazy\" decoding=\"async\" data-attachment-id=\"54352\" data-permalink=\"https:\/\/sosuaonline.net\/inicio\/en-europa-adelantaran-los-relojes-una-hora-la-madrugada-del-domingo\/7fe4ffe7-f0ef-4997-9a81-a4b3e036f02a-jpg__778__440__cropz3x778y440\/\" data-orig-file=\"https:\/\/sosuaonline.net\/inicio\/wp-content\/uploads\/2016\/03\/7FE4FFE7-F0EF-4997-9A81-A4B3E036F02A.jpg__778__440__CROPz3x778y440.jpg\" data-orig-size=\"778,440\" data-comments-opened=\"0\" data-image-meta=\"{&quot;aperture&quot;:&quot;0&quot;,&quot;credit&quot;:&quot;&quot;,&quot;camera&quot;:&quot;&quot;,&quot;caption&quot;:&quot;&quot;,&quot;created_timestamp&quot;:&quot;0&quot;,&quot;copyright&quot;:&quot;&quot;,&quot;focal_length&quot;:&quot;0&quot;,&quot;iso&quot;:&quot;0&quot;,&quot;shutter_speed&quot;:&quot;0&quot;,&quot;title&quot;:&quot;&quot;,&quot;orientation&quot;:&quot;0&quot;}\" data-image-title=\"7FE4FFE7-F0EF-4997-9A81-A4B3E036F02A.jpg__778__440__CROPz3x778y440\" data-image-description=\"\" data-image-caption=\"\" data-medium-file=\"https:\/\/sosuaonline.net\/inicio\/wp-content\/uploads\/2016\/03\/7FE4FFE7-F0EF-4997-9A81-A4B3E036F02A.jpg__778__440__CROPz3x778y440-300x170.jpg\" data-large-file=\"https:\/\/sosuaonline.net\/inicio\/wp-content\/uploads\/2016\/03\/7FE4FFE7-F0EF-4997-9A81-A4B3E036F02A.jpg__778__440__CROPz3x778y440.jpg\" class=\"aligncenter size-full wp-image-54352\" src=\"http:\/\/sosuaonline.net\/inicio\/wp-content\/uploads\/2016\/03\/7FE4FFE7-F0EF-4997-9A81-A4B3E036F02A.jpg__778__440__CROPz3x778y440.jpg\" alt=\"7FE4FFE7-F0EF-4997-9A81-A4B3E036F02A.jpg__778__440__CROPz3x778y440\" width=\"778\" height=\"440\" srcset=\"https:\/\/sosuaonline.net\/inicio\/wp-content\/uploads\/2016\/03\/7FE4FFE7-F0EF-4997-9A81-A4B3E036F02A.jpg__778__440__CROPz3x778y440.jpg 778w, https:\/\/sosuaonline.net\/inicio\/wp-content\/uploads\/2016\/03\/7FE4FFE7-F0EF-4997-9A81-A4B3E036F02A.jpg__778__440__CROPz3x778y440-300x170.jpg 300w, https:\/\/sosuaonline.net\/inicio\/wp-content\/uploads\/2016\/03\/7FE4FFE7-F0EF-4997-9A81-A4B3E036F02A.jpg__778__440__CROPz3x778y440-768x434.jpg 768w\" sizes=\"auto, (max-width: 778px) 100vw, 778px\" \/><\/a><\/p>\n<p>Bruselas, 25 mar (EFE).- Los ciudadanos de la Uni\u00f3n Europea (UE) pasar\u00e1n al horario de verano este domingo, como todos los \u00faltimos fines de semana de marzo, un cambio regulado en la legislaci\u00f3n europea con el objetivo de ahorrar energ\u00eda optimizando al m\u00e1ximo la iluminaci\u00f3n solar.<!--more--><\/p>\n<p>En la noche del s\u00e1bado al domingo, los europeos dormir\u00e1n menos, al tener que adelantar una hora los relojes.<\/p>\n<p>La Comisi\u00f3n Europea (CE) decidi\u00f3 armonizar la fecha de inicio del cambio al horario de verano, que en un principio cada pa\u00eds decid\u00eda entre marzo y abril, para evitar desajustes como, por ejemplo, el que afectaba a los horarios de los trenes que cruzaban Europa.<\/p>\n<p>El cambio se empez\u00f3 a generalizar a partir de 1974, cuando se produjo la primera crisis del petr\u00f3leo y algunos pa\u00edses decidieron adelantar sus relojes para aprovechar mejor la luz del sol y ahorrar as\u00ed electricidad.<\/p>\n<p>Esta medida cuenta, sin embargo, con detractores, quienes alegan que tiene efectos perjudiciales sobre la salud humana y animal, ligados a la secreci\u00f3n de melatonina, sustancia que regula el sue\u00f1o.<\/p>\n<p>El a\u00f1o pasado el Parlamento Europeo (PE) debati\u00f3 por primera vez la posibilidad de revisar la normativa comunitaria sobre el cambio horario.<\/p>\n<p>Eurodiputados de distintos grupos pol\u00edticos se refirieron a las quejas de muchos ciudadanos, ante las molestias que conlleva tener que cambiar de hora dos veces al a\u00f1o.<\/p>\n<p>La Comisi\u00f3n Europea, por su parte, se\u00f1al\u00f3 al respecto que la instituci\u00f3n estaba abierta a modificar la normativa vigente, pero recalc\u00f3 que cree que la directiva actual es \u00abel marco adecuado\u00bb.<\/p>\n<p>Alert\u00f3 en particular de un escenario en el que algunos pa\u00edses decidan abolir el sistema actual y otros mantenerlo, por el caos que ello conllevar\u00eda.<\/p>\n<p>Seg\u00fan un informe encargado por la CE para analizar el impacto potencial de cambiar a un horario no armonizado en la UE, publicado en julio de 2014, esa modificaci\u00f3n causar\u00eda inconvenientes a \u00abgran n\u00famero de personas\u00bb y ser\u00eda especialmente patente en el sector de los transportes, aunque tambi\u00e9n se podr\u00eda extender a otros \u00e1mbitos.<\/p>\n<p>\u00abEn su conjunto, los indicios sugieren que la modificaci\u00f3n del enfoque armonizado no ser\u00eda positiva para el mercado interior\u00bb, concluye el documento.<\/p>\n<p>Con el cambio de hora del domingo, tres Estados miembros (Reino Unido, Irlanda y Portugal) se colocar\u00e1n a una hora de diferencia del horario GMT, mientras que Espa\u00f1a, Austria, B\u00e9lgica, la Rep\u00fablica Checa, Dinamarca, Francia, Alemania, Hungr\u00eda, Italia, Luxemburgo, Malta, Polonia, Eslovaquia, Eslovenia, Suecia, Croacia y Holanda situar\u00e1n sus relojes a GMT+2.<\/p>\n<p>Por su parte, Bulgaria, Chipre, Estonia, Finlandia, Grecia, Letonia, Lituania y Ruman\u00eda adelantar\u00e1n la hora a GMT+3. EFE<\/p>\n","protected":false},"excerpt":{"rendered":"<p>Bruselas, 25 mar (EFE).- Los ciudadanos de la Uni\u00f3n Europea (UE) pasar\u00e1n al horario de verano este domingo, como todos los \u00faltimos fines de semana de marzo, un cambio regulado en la legislaci\u00f3n europea con el objetivo de ahorrar energ\u00eda optimizando al m\u00e1ximo la iluminaci\u00f3n solar.<\/p>\n","protected":false},"author":12,"featured_media":54352,"comment_status":"closed","ping_status":"closed","sticky":false,"template":"","format":"standard","meta":{"advanced_seo_description":"","jetpack_seo_html_title":"","jetpack_seo_noindex":false,"_jetpack_memberships_contains_paid_content":false,"footnotes":"","jetpack_publicize_message":"","jetpack_publicize_feature_enabled":true,"jetpack_social_post_already_shared":true,"jetpack_social_options":{"image_generator_settings":{"template":"highway","default_image_id":0,"font":"","enabled":false},"version":2}},"categories":[88],"tags":[],"class_list":["post-54351","post","type-post","status-publish","format-standard","has-post-thumbnail","hentry","category-noticias"],"jetpack_publicize_connections":[],"jetpack_featured_media_url":"https:\/\/sosuaonline.net\/inicio\/wp-content\/uploads\/2016\/03\/7FE4FFE7-F0EF-4997-9A81-A4B3E036F02A.jpg__778__440__CROPz3x778y440.jpg","jetpack_sharing_enabled":true,"_links":{"self":[{"href":"https:\/\/sosuaonline.net\/inicio\/wp-json\/wp\/v2\/posts\/54351","targetHints":{"allow":["GET"]}}],"collection":[{"href":"https:\/\/sosuaonline.net\/inicio\/wp-json\/wp\/v2\/posts"}],"about":[{"href":"https:\/\/sosuaonline.net\/inicio\/wp-json\/wp\/v2\/types\/post"}],"author":[{"embeddable":true,"href":"https:\/\/sosuaonline.net\/inicio\/wp-json\/wp\/v2\/users\/12"}],"replies":[{"embeddable":true,"href":"https:\/\/sosuaonline.net\/inicio\/wp-json\/wp\/v2\/comments?post=54351"}],"version-history":[{"count":1,"href":"https:\/\/sosuaonline.net\/inicio\/wp-json\/wp\/v2\/posts\/54351\/revisions"}],"predecessor-version":[{"id":54353,"href":"https:\/\/sosuaonline.net\/inicio\/wp-json\/wp\/v2\/posts\/54351\/revisions\/54353"}],"wp:featuredmedia":[{"embeddable":true,"href":"https:\/\/sosuaonline.net\/inicio\/wp-json\/wp\/v2\/media\/54352"}],"wp:attachment":[{"href":"https:\/\/sosuaonline.net\/inicio\/wp-json\/wp\/v2\/media?parent=54351"}],"wp:term":[{"taxonomy":"category","embeddable":true,"href":"https:\/\/sosuaonline.net\/inicio\/wp-json\/wp\/v2\/categories?post=54351"},{"taxonomy":"post_tag","embeddable":true,"href":"https:\/\/sosuaonline.net\/inicio\/wp-json\/wp\/v2\/tags?post=54351"}],"curies":[{"name":"wp","href":"https:\/\/api.w.org\/{rel}","templated":true}]}}