{"id":55263,"date":"2016-05-07T17:03:47","date_gmt":"2016-05-07T21:03:47","guid":{"rendered":"http:\/\/sosuaonline.net\/inicio\/?p=55263"},"modified":"2016-05-07T17:03:47","modified_gmt":"2016-05-07T21:03:47","slug":"senador-eddy-mateo-pide-declarar-a-barahona-en-estado-de-emergencia","status":"publish","type":"post","link":"https:\/\/sosuaonline.net\/inicio\/senador-eddy-mateo-pide-declarar-a-barahona-en-estado-de-emergencia\/","title":{"rendered":"Senador Eddy Mateo pide declarar a Barahona en estado de emergencia"},"content":{"rendered":"<p><a href=\"http:\/\/sosuaonline.net\/inicio\/wp-content\/uploads\/2016\/05\/544D6038-7884-4686-8FFD-E308B54C2540.jpg__778__440__CROPz3x778y440.jpg\" rel=\"attachment wp-att-55264\"><img loading=\"lazy\" decoding=\"async\" data-attachment-id=\"55264\" data-permalink=\"https:\/\/sosuaonline.net\/inicio\/senador-eddy-mateo-pide-declarar-a-barahona-en-estado-de-emergencia\/544d6038-7884-4686-8ffd-e308b54c2540-jpg__778__440__cropz3x778y440\/\" data-orig-file=\"https:\/\/sosuaonline.net\/inicio\/wp-content\/uploads\/2016\/05\/544D6038-7884-4686-8FFD-E308B54C2540.jpg__778__440__CROPz3x778y440.jpg\" data-orig-size=\"778,440\" data-comments-opened=\"0\" data-image-meta=\"{&quot;aperture&quot;:&quot;0&quot;,&quot;credit&quot;:&quot;&quot;,&quot;camera&quot;:&quot;&quot;,&quot;caption&quot;:&quot;&quot;,&quot;created_timestamp&quot;:&quot;0&quot;,&quot;copyright&quot;:&quot;&quot;,&quot;focal_length&quot;:&quot;0&quot;,&quot;iso&quot;:&quot;0&quot;,&quot;shutter_speed&quot;:&quot;0&quot;,&quot;title&quot;:&quot;&quot;,&quot;orientation&quot;:&quot;0&quot;}\" data-image-title=\"544D6038-7884-4686-8FFD-E308B54C2540.jpg__778__440__CROPz3x778y440\" data-image-description=\"\" data-image-caption=\"\" data-medium-file=\"https:\/\/sosuaonline.net\/inicio\/wp-content\/uploads\/2016\/05\/544D6038-7884-4686-8FFD-E308B54C2540.jpg__778__440__CROPz3x778y440-300x170.jpg\" data-large-file=\"https:\/\/sosuaonline.net\/inicio\/wp-content\/uploads\/2016\/05\/544D6038-7884-4686-8FFD-E308B54C2540.jpg__778__440__CROPz3x778y440.jpg\" class=\"aligncenter size-full wp-image-55264\" src=\"http:\/\/sosuaonline.net\/inicio\/wp-content\/uploads\/2016\/05\/544D6038-7884-4686-8FFD-E308B54C2540.jpg__778__440__CROPz3x778y440.jpg\" alt=\"544D6038-7884-4686-8FFD-E308B54C2540.jpg__778__440__CROPz3x778y440\" width=\"778\" height=\"440\" srcset=\"https:\/\/sosuaonline.net\/inicio\/wp-content\/uploads\/2016\/05\/544D6038-7884-4686-8FFD-E308B54C2540.jpg__778__440__CROPz3x778y440.jpg 778w, https:\/\/sosuaonline.net\/inicio\/wp-content\/uploads\/2016\/05\/544D6038-7884-4686-8FFD-E308B54C2540.jpg__778__440__CROPz3x778y440-300x170.jpg 300w, https:\/\/sosuaonline.net\/inicio\/wp-content\/uploads\/2016\/05\/544D6038-7884-4686-8FFD-E308B54C2540.jpg__778__440__CROPz3x778y440-768x434.jpg 768w\" sizes=\"auto, (max-width: 778px) 100vw, 778px\" \/><\/a>Santo Domingo.- El senador y candidato a la misma posici\u00f3n por el Partido de la Liberaci\u00f3n Dominicana (PLD) y sus aliados, Eddy Mateo V\u00e1squez, solicit\u00f3 este s\u00e1bado al presidente Danilo Medina declarar en estado de emergencia esta provincia por los cuantiosos da\u00f1os que han ocasionado las lluvias ca\u00eddas durante los \u00faltimos 4 d\u00edas. Mateo V\u00e1squez, manifest\u00f3 que los fuertes aguaceros han provocado da\u00f1os a la agricultura, a la pecuaria, a la ganader\u00eda, caminos, vecinales, carreteras, decenas de viviendas han sido anegadas de agua.<!--more--><\/p>\n<div>\u00abEstamos solicitando al se\u00f1or presidente declarar en estado de emergencia esta provincia y enviar operativos de reparaci\u00f3n de viviendas, electrodom\u00e9sticos, raciones alimenticias, fumigaci\u00f3n entre otros\u00bb, expres\u00f3 el legislador en nota de prensa.<\/div>\n<div>Manifest\u00f3 que no solo la producci\u00f3n agr\u00edcola ha sido afectada, sino los caminos vecinales que comunican a las comunidades que est\u00e1n enclavadas en las lomas y otros puntos.<\/div>\n<div>El senador se\u00f1al\u00f3 que tramos de las diferentes carreteras tambi\u00e9n fueron afectadas por las lluvias.EFE<\/div>\n","protected":false},"excerpt":{"rendered":"<p>Santo Domingo.- El senador y candidato a la misma posici\u00f3n por el Partido de la Liberaci\u00f3n Dominicana (PLD) y sus aliados, Eddy Mateo V\u00e1squez, solicit\u00f3 este s\u00e1bado al presidente Danilo Medina declarar en estado de emergencia esta provincia por los cuantiosos da\u00f1os que han ocasionado las lluvias ca\u00eddas durante los \u00faltimos 4 d\u00edas. Mateo V\u00e1squez, manifest\u00f3 que los fuertes aguaceros han provocado da\u00f1os a la agricultura, a la pecuaria, a la ganader\u00eda, caminos, vecinales, carreteras, decenas de viviendas han sido anegadas de agua.<\/p>\n","protected":false},"author":12,"featured_media":55264,"comment_status":"closed","ping_status":"closed","sticky":false,"template":"","format":"standard","meta":{"advanced_seo_description":"","jetpack_seo_html_title":"","jetpack_seo_noindex":false,"_jetpack_memberships_contains_paid_content":false,"footnotes":"","jetpack_publicize_message":"","jetpack_publicize_feature_enabled":true,"jetpack_social_post_already_shared":true,"jetpack_social_options":{"image_generator_settings":{"template":"highway","default_image_id":0,"font":"","enabled":false},"version":2}},"categories":[88],"tags":[],"class_list":["post-55263","post","type-post","status-publish","format-standard","has-post-thumbnail","hentry","category-noticias"],"jetpack_publicize_connections":[],"jetpack_featured_media_url":"https:\/\/sosuaonline.net\/inicio\/wp-content\/uploads\/2016\/05\/544D6038-7884-4686-8FFD-E308B54C2540.jpg__778__440__CROPz3x778y440.jpg","jetpack_sharing_enabled":true,"_links":{"self":[{"href":"https:\/\/sosuaonline.net\/inicio\/wp-json\/wp\/v2\/posts\/55263","targetHints":{"allow":["GET"]}}],"collection":[{"href":"https:\/\/sosuaonline.net\/inicio\/wp-json\/wp\/v2\/posts"}],"about":[{"href":"https:\/\/sosuaonline.net\/inicio\/wp-json\/wp\/v2\/types\/post"}],"author":[{"embeddable":true,"href":"https:\/\/sosuaonline.net\/inicio\/wp-json\/wp\/v2\/users\/12"}],"replies":[{"embeddable":true,"href":"https:\/\/sosuaonline.net\/inicio\/wp-json\/wp\/v2\/comments?post=55263"}],"version-history":[{"count":1,"href":"https:\/\/sosuaonline.net\/inicio\/wp-json\/wp\/v2\/posts\/55263\/revisions"}],"predecessor-version":[{"id":55265,"href":"https:\/\/sosuaonline.net\/inicio\/wp-json\/wp\/v2\/posts\/55263\/revisions\/55265"}],"wp:featuredmedia":[{"embeddable":true,"href":"https:\/\/sosuaonline.net\/inicio\/wp-json\/wp\/v2\/media\/55264"}],"wp:attachment":[{"href":"https:\/\/sosuaonline.net\/inicio\/wp-json\/wp\/v2\/media?parent=55263"}],"wp:term":[{"taxonomy":"category","embeddable":true,"href":"https:\/\/sosuaonline.net\/inicio\/wp-json\/wp\/v2\/categories?post=55263"},{"taxonomy":"post_tag","embeddable":true,"href":"https:\/\/sosuaonline.net\/inicio\/wp-json\/wp\/v2\/tags?post=55263"}],"curies":[{"name":"wp","href":"https:\/\/api.w.org\/{rel}","templated":true}]}}