{"id":55345,"date":"2016-05-10T08:20:32","date_gmt":"2016-05-10T12:20:32","guid":{"rendered":"http:\/\/sosuaonline.net\/inicio\/?p=55345"},"modified":"2016-05-10T08:20:32","modified_gmt":"2016-05-10T12:20:32","slug":"es-la-fiebre-amarilla-la-proxima-emergencia-sanitaria-mundial","status":"publish","type":"post","link":"https:\/\/sosuaonline.net\/inicio\/es-la-fiebre-amarilla-la-proxima-emergencia-sanitaria-mundial\/","title":{"rendered":"\u00bfEs la fiebre amarilla la pr\u00f3xima emergencia sanitaria mundial?"},"content":{"rendered":"<p><a href=\"http:\/\/sosuaonline.net\/inicio\/wp-content\/uploads\/2016\/05\/mosquitos.jpg\" rel=\"attachment wp-att-55346\"><img loading=\"lazy\" decoding=\"async\" data-attachment-id=\"55346\" data-permalink=\"https:\/\/sosuaonline.net\/inicio\/es-la-fiebre-amarilla-la-proxima-emergencia-sanitaria-mundial\/mosquitos\/\" data-orig-file=\"https:\/\/sosuaonline.net\/inicio\/wp-content\/uploads\/2016\/05\/mosquitos.jpg\" data-orig-size=\"750,422\" data-comments-opened=\"0\" data-image-meta=\"{&quot;aperture&quot;:&quot;0&quot;,&quot;credit&quot;:&quot;&quot;,&quot;camera&quot;:&quot;&quot;,&quot;caption&quot;:&quot;&quot;,&quot;created_timestamp&quot;:&quot;0&quot;,&quot;copyright&quot;:&quot;&quot;,&quot;focal_length&quot;:&quot;0&quot;,&quot;iso&quot;:&quot;0&quot;,&quot;shutter_speed&quot;:&quot;0&quot;,&quot;title&quot;:&quot;&quot;,&quot;orientation&quot;:&quot;0&quot;}\" data-image-title=\"mosquitos\" data-image-description=\"\" data-image-caption=\"\" data-medium-file=\"https:\/\/sosuaonline.net\/inicio\/wp-content\/uploads\/2016\/05\/mosquitos-300x169.jpg\" data-large-file=\"https:\/\/sosuaonline.net\/inicio\/wp-content\/uploads\/2016\/05\/mosquitos.jpg\" class=\"wp-image-55346 alignleft\" src=\"http:\/\/sosuaonline.net\/inicio\/wp-content\/uploads\/2016\/05\/mosquitos.jpg\" alt=\"mosquitos\" width=\"444\" height=\"250\" srcset=\"https:\/\/sosuaonline.net\/inicio\/wp-content\/uploads\/2016\/05\/mosquitos.jpg 750w, https:\/\/sosuaonline.net\/inicio\/wp-content\/uploads\/2016\/05\/mosquitos-300x169.jpg 300w\" sizes=\"auto, (max-width: 444px) 100vw, 444px\" \/><\/a>La amenaza de una escasez de la vacuna para la enfermedad y su r\u00e1pida propagaci\u00f3n ha llevado a los cient\u00edficos a pedir a la OMS que se prepare para una posible epidemia mundial.<!--more--><br \/>\nCient\u00edficos advierten que cerca de mil millones de personas podr\u00edan estar en riesgo de contraer la fiebre amarilla no solo en \u00c1frica y Am\u00e9rica Latina. Debido a la oleada de enfermedades infecciosas en los \u00faltimos a\u00f1os impulsadas por el cambio clim\u00e1tico, el virus podr\u00eda propagarse r\u00e1pidamente por\u00a0Asia, Europa y los Estados Unidos, causar epidemias en zonas con una poblaci\u00f3n no inmune\u00a0y desatar una emergencia a nivel mundial, informa \u00abThe Independent\u00bb.<\/p>\n<p>La enfermedad transmitida por el mosquito \u00abAedes aegypti\u00bb, el portador principal del virus del Zika y tambi\u00e9n del del dengue, ha dejado hasta el momento m\u00e1s de 250 muertes en Angola y viene propag\u00e1ndose r\u00e1pidamente en pa\u00edses como Kenia, Uganda y el Congo. Por su parte, en Per\u00fa se han conocido al menos 20 casos, mientras que China ya ha reportado varios contagios de personas provenientes de pa\u00edses africanos.<\/p>\n<p>Adem\u00e1s del problema que podr\u00eda desatar una posible epidemia\u00a0a nivel mundial, acad\u00e9micos de la Universidad de Georgetown en Washington (EE.UU.), en un art\u00edculo publicado en la revista m\u00e9dica &#8216;JAMA&#8217;, advierten de una \u00absevera escasez de la vacuna contra la fiebre amarilla en medio de las epidemias en \u00c1frica y, potencialmente, en Am\u00e9rica Latina y Asia\u00bb.<\/p>\n<p>Esta escasez sumada a la r\u00e1pida propagaci\u00f3n de esta mortal enfermedad podr\u00eda provocar una \u00abcrisis de salud p\u00fablica\u00bb. En este contexto, el inmun\u00f3logo Daniel Lucey y el profesor Lawrence Gostin, especializado en derecho de la salud, han hecho un llamamiento a la Organizaci\u00f3n Mundial de la Salud (OMS) para la creaci\u00f3n de un comit\u00e9 de emergencias que permita coordinar una respuesta a nivel internacional y as\u00ed movilizar fondos para la producci\u00f3n y\u00a0distribuci\u00f3n de la vacuna contra esta enfermedad. \u00abLa respuesta tard\u00eda de la OMS en la convocatoria de los comit\u00e9s de emergencia frente a una posible epidemia para el virus del \u00c9bola\u00a0y el virus del Zika ha costado muchas vidas y no debe repetirse\u00bb, resalta el art\u00edculo.<\/p>\n","protected":false},"excerpt":{"rendered":"<p>La amenaza de una escasez de la vacuna para la enfermedad y su r\u00e1pida propagaci\u00f3n ha llevado a los cient\u00edficos a pedir a la OMS que se prepare para una posible epidemia mundial.<\/p>\n","protected":false},"author":12,"featured_media":55346,"comment_status":"closed","ping_status":"closed","sticky":false,"template":"","format":"standard","meta":{"advanced_seo_description":"","jetpack_seo_html_title":"","jetpack_seo_noindex":false,"_jetpack_memberships_contains_paid_content":false,"footnotes":"","jetpack_publicize_message":"","jetpack_publicize_feature_enabled":true,"jetpack_social_post_already_shared":true,"jetpack_social_options":{"image_generator_settings":{"template":"highway","default_image_id":0,"font":"","enabled":false},"version":2}},"categories":[6],"tags":[],"class_list":["post-55345","post","type-post","status-publish","format-standard","has-post-thumbnail","hentry","category-salud-bienestar"],"jetpack_publicize_connections":[],"jetpack_featured_media_url":"https:\/\/sosuaonline.net\/inicio\/wp-content\/uploads\/2016\/05\/mosquitos.jpg","jetpack_sharing_enabled":true,"_links":{"self":[{"href":"https:\/\/sosuaonline.net\/inicio\/wp-json\/wp\/v2\/posts\/55345","targetHints":{"allow":["GET"]}}],"collection":[{"href":"https:\/\/sosuaonline.net\/inicio\/wp-json\/wp\/v2\/posts"}],"about":[{"href":"https:\/\/sosuaonline.net\/inicio\/wp-json\/wp\/v2\/types\/post"}],"author":[{"embeddable":true,"href":"https:\/\/sosuaonline.net\/inicio\/wp-json\/wp\/v2\/users\/12"}],"replies":[{"embeddable":true,"href":"https:\/\/sosuaonline.net\/inicio\/wp-json\/wp\/v2\/comments?post=55345"}],"version-history":[{"count":1,"href":"https:\/\/sosuaonline.net\/inicio\/wp-json\/wp\/v2\/posts\/55345\/revisions"}],"predecessor-version":[{"id":55347,"href":"https:\/\/sosuaonline.net\/inicio\/wp-json\/wp\/v2\/posts\/55345\/revisions\/55347"}],"wp:featuredmedia":[{"embeddable":true,"href":"https:\/\/sosuaonline.net\/inicio\/wp-json\/wp\/v2\/media\/55346"}],"wp:attachment":[{"href":"https:\/\/sosuaonline.net\/inicio\/wp-json\/wp\/v2\/media?parent=55345"}],"wp:term":[{"taxonomy":"category","embeddable":true,"href":"https:\/\/sosuaonline.net\/inicio\/wp-json\/wp\/v2\/categories?post=55345"},{"taxonomy":"post_tag","embeddable":true,"href":"https:\/\/sosuaonline.net\/inicio\/wp-json\/wp\/v2\/tags?post=55345"}],"curies":[{"name":"wp","href":"https:\/\/api.w.org\/{rel}","templated":true}]}}