{"id":60232,"date":"2016-10-17T21:54:22","date_gmt":"2016-10-18T01:54:22","guid":{"rendered":"http:\/\/sosuaonline.net\/inicio\/?p=60232"},"modified":"2016-10-17T22:05:17","modified_gmt":"2016-10-18T02:05:17","slug":"sosua-incomunicado-por-caida-de-poste-electrico-en-tramo-carretero-y-sin-electricidad-ver-video","status":"publish","type":"post","link":"https:\/\/sosuaonline.net\/inicio\/sosua-incomunicado-por-caida-de-poste-electrico-en-tramo-carretero-y-sin-electricidad-ver-video\/","title":{"rendered":"Sos\u00faa incomunicado por ca\u00edda de poste el\u00e9ctrico en tramo carretero y sin electricidad (Ver video)"},"content":{"rendered":"<p><a href=\"http:\/\/sosuaonline.net\/inicio\/wp-content\/uploads\/2016\/10\/14657437_1289356574430008_7001528127086715397_n.jpg\"><img loading=\"lazy\" decoding=\"async\" data-attachment-id=\"60234\" data-permalink=\"https:\/\/sosuaonline.net\/inicio\/sosua-incomunicado-por-caida-de-poste-electrico-en-tramo-carretero-y-sin-electricidad-ver-video\/14657437_1289356574430008_7001528127086715397_n\/\" data-orig-file=\"https:\/\/sosuaonline.net\/inicio\/wp-content\/uploads\/2016\/10\/14657437_1289356574430008_7001528127086715397_n.jpg\" data-orig-size=\"528,960\" data-comments-opened=\"0\" data-image-meta=\"{&quot;aperture&quot;:&quot;0&quot;,&quot;credit&quot;:&quot;&quot;,&quot;camera&quot;:&quot;&quot;,&quot;caption&quot;:&quot;&quot;,&quot;created_timestamp&quot;:&quot;0&quot;,&quot;copyright&quot;:&quot;&quot;,&quot;focal_length&quot;:&quot;0&quot;,&quot;iso&quot;:&quot;0&quot;,&quot;shutter_speed&quot;:&quot;0&quot;,&quot;title&quot;:&quot;&quot;,&quot;orientation&quot;:&quot;0&quot;}\" data-image-title=\"14657437_1289356574430008_7001528127086715397_n\" data-image-description=\"\" data-image-caption=\"\" data-medium-file=\"https:\/\/sosuaonline.net\/inicio\/wp-content\/uploads\/2016\/10\/14657437_1289356574430008_7001528127086715397_n-165x300.jpg\" data-large-file=\"https:\/\/sosuaonline.net\/inicio\/wp-content\/uploads\/2016\/10\/14657437_1289356574430008_7001528127086715397_n.jpg\" class=\"wp-image-60234 aligncenter\" src=\"http:\/\/sosuaonline.net\/inicio\/wp-content\/uploads\/2016\/10\/14657437_1289356574430008_7001528127086715397_n.jpg\" alt=\"14657437_1289356574430008_7001528127086715397_n\" width=\"342\" height=\"622\" srcset=\"https:\/\/sosuaonline.net\/inicio\/wp-content\/uploads\/2016\/10\/14657437_1289356574430008_7001528127086715397_n.jpg 528w, https:\/\/sosuaonline.net\/inicio\/wp-content\/uploads\/2016\/10\/14657437_1289356574430008_7001528127086715397_n-165x300.jpg 165w\" sizes=\"auto, (max-width: 342px) 100vw, 342px\" \/><\/a>Atenci\u00f3n, mucha atenci\u00f3n! \u00a0En estos momentos Sos\u00faa se encuentra incomunicado desde El Batey y hacia Puerto Plata, debido a una aver\u00eda de grandes proporciones ocurrida hace aproximadamente pasadas la 8:30 PM, espec\u00edficamente en el trayecto Charamicos-El Batey. <!--more--><br \/>\nLa l\u00ednea de alta tensi\u00f3n 69 mil voltios que alimenta a todas las subestaciones desde Puerto Plata hasta Gaspar Hern\u00e1ndez est\u00e1 destrozada, las brigadas de Edenorte est\u00e1n trabajando, pero es muy dif\u00edcil que se pueda restablecer el servicio \u00e9sta noche. As\u00ed que tomen medidas a tiempo en sus hogares y negocios.<\/p>\n<div class=\"fb-video\" data-allowfullscreen=\"true\" data-href=\"https:\/\/www.facebook.com\/yonoris.castro\/videos\/1289357181096614\/\" style=\"background-color: #fff; display: inline-block;\"><\/div>\n<p>De \u00faltimo minuto: El tr\u00e1nsito est\u00e1 circulando por la playa de Sos\u00faa y seg\u00fan la polic\u00eda se piensa terminar de remover los obst\u00e1culos en 25 minutos (10:15) m\u00e1s o menos, adem\u00e1s que se encuentran brigadas de Edenorte trabajando, el apag\u00f3n ser\u00e1 largo y extendido.<\/p>\n","protected":false},"excerpt":{"rendered":"<p>Atenci\u00f3n, mucha atenci\u00f3n! \u00a0En estos momentos Sos\u00faa se encuentra incomunicado desde El Batey y hacia Puerto Plata, debido a una aver\u00eda de grandes proporciones ocurrida hace aproximadamente pasadas la 8:30 PM, espec\u00edficamente en el trayecto Charamicos-El Batey.<\/p>\n","protected":false},"author":12,"featured_media":60234,"comment_status":"closed","ping_status":"closed","sticky":false,"template":"","format":"standard","meta":{"advanced_seo_description":"","jetpack_seo_html_title":"","jetpack_seo_noindex":false,"_jetpack_memberships_contains_paid_content":false,"footnotes":"","jetpack_publicize_message":"","jetpack_publicize_feature_enabled":true,"jetpack_social_post_already_shared":true,"jetpack_social_options":{"image_generator_settings":{"template":"highway","default_image_id":0,"font":"","enabled":false},"version":2}},"categories":[88,3],"tags":[],"class_list":["post-60232","post","type-post","status-publish","format-standard","has-post-thumbnail","hentry","category-noticias","category-sosua-en-el-mundo"],"jetpack_publicize_connections":[],"jetpack_featured_media_url":"https:\/\/sosuaonline.net\/inicio\/wp-content\/uploads\/2016\/10\/14657437_1289356574430008_7001528127086715397_n.jpg","jetpack_sharing_enabled":true,"_links":{"self":[{"href":"https:\/\/sosuaonline.net\/inicio\/wp-json\/wp\/v2\/posts\/60232","targetHints":{"allow":["GET"]}}],"collection":[{"href":"https:\/\/sosuaonline.net\/inicio\/wp-json\/wp\/v2\/posts"}],"about":[{"href":"https:\/\/sosuaonline.net\/inicio\/wp-json\/wp\/v2\/types\/post"}],"author":[{"embeddable":true,"href":"https:\/\/sosuaonline.net\/inicio\/wp-json\/wp\/v2\/users\/12"}],"replies":[{"embeddable":true,"href":"https:\/\/sosuaonline.net\/inicio\/wp-json\/wp\/v2\/comments?post=60232"}],"version-history":[{"count":3,"href":"https:\/\/sosuaonline.net\/inicio\/wp-json\/wp\/v2\/posts\/60232\/revisions"}],"predecessor-version":[{"id":60239,"href":"https:\/\/sosuaonline.net\/inicio\/wp-json\/wp\/v2\/posts\/60232\/revisions\/60239"}],"wp:featuredmedia":[{"embeddable":true,"href":"https:\/\/sosuaonline.net\/inicio\/wp-json\/wp\/v2\/media\/60234"}],"wp:attachment":[{"href":"https:\/\/sosuaonline.net\/inicio\/wp-json\/wp\/v2\/media?parent=60232"}],"wp:term":[{"taxonomy":"category","embeddable":true,"href":"https:\/\/sosuaonline.net\/inicio\/wp-json\/wp\/v2\/categories?post=60232"},{"taxonomy":"post_tag","embeddable":true,"href":"https:\/\/sosuaonline.net\/inicio\/wp-json\/wp\/v2\/tags?post=60232"}],"curies":[{"name":"wp","href":"https:\/\/api.w.org\/{rel}","templated":true}]}}