{"id":64510,"date":"2017-03-02T15:31:28","date_gmt":"2017-03-02T19:31:28","guid":{"rendered":"http:\/\/sosuaonline.net\/inicio\/?p=64510"},"modified":"2017-03-02T15:31:28","modified_gmt":"2017-03-02T19:31:28","slug":"hanley-ramirez-no-jugara-en-el-clasico-mundial","status":"publish","type":"post","link":"https:\/\/sosuaonline.net\/inicio\/hanley-ramirez-no-jugara-en-el-clasico-mundial\/","title":{"rendered":"Hanley Ram\u00edrez no jugar\u00e1 en el Cl\u00e1sico Mundial"},"content":{"rendered":"<p><a href=\"http:\/\/sosuaonline.net\/inicio\/wp-content\/uploads\/2017\/03\/hanleyc.jpg_62460025.jpg\"><img loading=\"lazy\" decoding=\"async\" data-attachment-id=\"64516\" data-permalink=\"https:\/\/sosuaonline.net\/inicio\/hanley-ramirez-no-jugara-en-el-clasico-mundial\/hanleyc-jpg_62460025\/\" data-orig-file=\"https:\/\/sosuaonline.net\/inicio\/wp-content\/uploads\/2017\/03\/hanleyc.jpg_62460025.jpg\" data-orig-size=\"631,410\" data-comments-opened=\"0\" data-image-meta=\"{&quot;aperture&quot;:&quot;0&quot;,&quot;credit&quot;:&quot;&quot;,&quot;camera&quot;:&quot;&quot;,&quot;caption&quot;:&quot;&quot;,&quot;created_timestamp&quot;:&quot;0&quot;,&quot;copyright&quot;:&quot;&quot;,&quot;focal_length&quot;:&quot;0&quot;,&quot;iso&quot;:&quot;0&quot;,&quot;shutter_speed&quot;:&quot;0&quot;,&quot;title&quot;:&quot;&quot;,&quot;orientation&quot;:&quot;0&quot;}\" data-image-title=\"hanleyc.jpg_62460025\" data-image-description=\"\" data-image-caption=\"\" data-medium-file=\"https:\/\/sosuaonline.net\/inicio\/wp-content\/uploads\/2017\/03\/hanleyc.jpg_62460025-300x195.jpg\" data-large-file=\"https:\/\/sosuaonline.net\/inicio\/wp-content\/uploads\/2017\/03\/hanleyc.jpg_62460025.jpg\" class=\"aligncenter size-full wp-image-64516\" src=\"http:\/\/sosuaonline.net\/inicio\/wp-content\/uploads\/2017\/03\/hanleyc.jpg_62460025.jpg\" alt=\"\" width=\"631\" height=\"410\" srcset=\"https:\/\/sosuaonline.net\/inicio\/wp-content\/uploads\/2017\/03\/hanleyc.jpg_62460025.jpg 631w, https:\/\/sosuaonline.net\/inicio\/wp-content\/uploads\/2017\/03\/hanleyc.jpg_62460025-300x195.jpg 300w\" sizes=\"auto, (max-width: 631px) 100vw, 631px\" \/><\/a>Una dura baja se confirm\u00f3 el jueves para Rep\u00fablica Dominicana.<!--more--><\/p>\n<p>Despu\u00e9s de que se manej\u00f3 la duda de la asistencia de Hanley Ram\u00edrez al Cl\u00e1sico Mundial con su pa\u00eds natal, el jueves el manager de los Medias Rojas de Boston, John Farrell, confirm\u00f3 que no participar\u00e1 en el Cl\u00e1sico Mundial.<\/p>\n<p>El problema ser\u00eda que el primera base presenta dolor en el hombro derecho de acuerdo a Ian Browne de MLB.com.<\/p>\n<p>Dominicana se encuentra buscando una opci\u00f3n para cubrir la baja de Ram\u00edrez a una semana de que inicie la competencia internacional.<\/p>\n<p>Ram\u00edrez dej\u00f3 un registro de .286 con treinta cuadrangulares y ciento once carreras impulsadas en ciento cuarenta y siete juegos de temporada regular en el 2016.<\/p>\n<div>\n<div class=\"ckeditor-em\">\n<div><iframe loading=\"lazy\" src=\"https:\/\/w.graphiq.com\/w\/cbtviv8BHNz\" width=\"600\" height=\"676\" frameborder=\"0\" scrolling=\"no\" data-mce-fragment=\"1\"><\/iframe><\/div>\n<\/div>\n<\/div>\n<p>Rep\u00fablica Dominicana arranca su participaci\u00f3n ante Canad\u00e1\u00a0el jueves 9 de marzo para enfrentar despu\u00e9s de Estados Unidos el s\u00e1bado 11 y a Colombia el domingo 12 en la ciudad de Miami.<\/p>\n<div>\n<div class=\"ckeditor-em\">\n<div class=\"apester-media apester-element\" data-media-id=\"58b8390b7e8066d7630d7e74\">\n<div class=\"apester-loading-container apester-hidden\"><\/div>\n<p><iframe loading=\"lazy\" class=\"apester-fill-content\" src=\"http:\/\/renderer.qmerce.com\/interaction\/58b8390b7e8066d7630d7e74?sdk=3.0.10s&amp;canonicalUrl=http%3A%2F%2Fwww.albat.com%2Flasmayores%2FHanley-Ramirez-no-jugara-en-el-Clasico-Mundial-20170302-0001.html\" name=\"http:\/\/www.albat.com\/lasmayores\/Hanley-Ramirez-no-jugara-en-el-Clasico-Mundial-20170302-0001.html\" width=\"300\" height=\"150\" frameborder=\"0\" scrolling=\"no\" data-interaction-id=\"58b8390b7e8066d7630d7e74\" data-mce-fragment=\"1\"><\/iframe><\/p>\n<div class=\"apester-loading-container\"><\/div>\n<\/div>\n<\/div>\n<\/div>\n<div class=\"fb-like fb_iframe_widget\" data-href=\"https:\/\/www.facebook.com\/albatbeisbol?fref=ts\" data-layout=\"button_count\" data-action=\"like\" data-show-faces=\"false\" data-share=\"false\"><\/div>\n<div class=\"related-list\"><\/div>\n","protected":false},"excerpt":{"rendered":"<p>Una dura baja se confirm\u00f3 el jueves para Rep\u00fablica Dominicana.<\/p>\n","protected":false},"author":12,"featured_media":64516,"comment_status":"closed","ping_status":"closed","sticky":false,"template":"","format":"standard","meta":{"advanced_seo_description":"","jetpack_seo_html_title":"","jetpack_seo_noindex":false,"_jetpack_memberships_contains_paid_content":false,"footnotes":"","jetpack_publicize_message":"","jetpack_publicize_feature_enabled":true,"jetpack_social_post_already_shared":true,"jetpack_social_options":{"image_generator_settings":{"template":"highway","default_image_id":0,"font":"","enabled":false},"version":2}},"categories":[9],"tags":[],"class_list":["post-64510","post","type-post","status-publish","format-standard","has-post-thumbnail","hentry","category-deportes"],"jetpack_publicize_connections":[],"jetpack_featured_media_url":"https:\/\/sosuaonline.net\/inicio\/wp-content\/uploads\/2017\/03\/hanleyc.jpg_62460025.jpg","jetpack_sharing_enabled":true,"_links":{"self":[{"href":"https:\/\/sosuaonline.net\/inicio\/wp-json\/wp\/v2\/posts\/64510","targetHints":{"allow":["GET"]}}],"collection":[{"href":"https:\/\/sosuaonline.net\/inicio\/wp-json\/wp\/v2\/posts"}],"about":[{"href":"https:\/\/sosuaonline.net\/inicio\/wp-json\/wp\/v2\/types\/post"}],"author":[{"embeddable":true,"href":"https:\/\/sosuaonline.net\/inicio\/wp-json\/wp\/v2\/users\/12"}],"replies":[{"embeddable":true,"href":"https:\/\/sosuaonline.net\/inicio\/wp-json\/wp\/v2\/comments?post=64510"}],"version-history":[{"count":1,"href":"https:\/\/sosuaonline.net\/inicio\/wp-json\/wp\/v2\/posts\/64510\/revisions"}],"predecessor-version":[{"id":64517,"href":"https:\/\/sosuaonline.net\/inicio\/wp-json\/wp\/v2\/posts\/64510\/revisions\/64517"}],"wp:featuredmedia":[{"embeddable":true,"href":"https:\/\/sosuaonline.net\/inicio\/wp-json\/wp\/v2\/media\/64516"}],"wp:attachment":[{"href":"https:\/\/sosuaonline.net\/inicio\/wp-json\/wp\/v2\/media?parent=64510"}],"wp:term":[{"taxonomy":"category","embeddable":true,"href":"https:\/\/sosuaonline.net\/inicio\/wp-json\/wp\/v2\/categories?post=64510"},{"taxonomy":"post_tag","embeddable":true,"href":"https:\/\/sosuaonline.net\/inicio\/wp-json\/wp\/v2\/tags?post=64510"}],"curies":[{"name":"wp","href":"https:\/\/api.w.org\/{rel}","templated":true}]}}