{"id":6654,"date":"2014-07-28T11:54:27","date_gmt":"2014-07-28T15:54:27","guid":{"rendered":"http:\/\/sosuaonline.net\/inicio\/?p=6654"},"modified":"2014-07-28T11:54:27","modified_gmt":"2014-07-28T15:54:27","slug":"confirmado-shakira-y-pique-esperan-su-segundo-hijo-para-enero-del-2015","status":"publish","type":"post","link":"https:\/\/sosuaonline.net\/inicio\/confirmado-shakira-y-pique-esperan-su-segundo-hijo-para-enero-del-2015\/","title":{"rendered":"Confirmado: Shakira y Piqu\u00e9 esperan su segundo hijo para enero del 2015"},"content":{"rendered":"<p><a href=\"http:\/\/sosuaonline.net\/inicio\/wp-content\/uploads\/2014\/07\/fgddffdgdfg.jpg\"><img loading=\"lazy\" decoding=\"async\" data-attachment-id=\"6655\" data-permalink=\"https:\/\/sosuaonline.net\/inicio\/confirmado-shakira-y-pique-esperan-su-segundo-hijo-para-enero-del-2015\/fgddffdgdfg\/\" data-orig-file=\"https:\/\/sosuaonline.net\/inicio\/wp-content\/uploads\/2014\/07\/fgddffdgdfg.jpg\" data-orig-size=\"600,400\" data-comments-opened=\"0\" data-image-meta=\"{&quot;aperture&quot;:&quot;0&quot;,&quot;credit&quot;:&quot;&quot;,&quot;camera&quot;:&quot;&quot;,&quot;caption&quot;:&quot;&quot;,&quot;created_timestamp&quot;:&quot;0&quot;,&quot;copyright&quot;:&quot;&quot;,&quot;focal_length&quot;:&quot;0&quot;,&quot;iso&quot;:&quot;0&quot;,&quot;shutter_speed&quot;:&quot;0&quot;,&quot;title&quot;:&quot;&quot;}\" data-image-title=\"fgddffdgdfg\" data-image-description=\"\" data-image-caption=\"\" data-medium-file=\"https:\/\/sosuaonline.net\/inicio\/wp-content\/uploads\/2014\/07\/fgddffdgdfg-300x200.jpg\" data-large-file=\"https:\/\/sosuaonline.net\/inicio\/wp-content\/uploads\/2014\/07\/fgddffdgdfg.jpg\" class=\"size-medium wp-image-6655 alignleft\" src=\"http:\/\/sosuaonline.net\/inicio\/wp-content\/uploads\/2014\/07\/fgddffdgdfg-300x200.jpg\" alt=\"fgddffdgdfg\" width=\"300\" height=\"200\" srcset=\"https:\/\/sosuaonline.net\/inicio\/wp-content\/uploads\/2014\/07\/fgddffdgdfg-300x200.jpg 300w, https:\/\/sosuaonline.net\/inicio\/wp-content\/uploads\/2014\/07\/fgddffdgdfg.jpg 600w\" sizes=\"auto, (max-width: 300px) 100vw, 300px\" \/><\/a>Ha sido la propia cantante quien, en compa\u00f1\u00eda de Gerard Piqu\u00e9, ha dado por buenos los comentarios que se ven\u00edan produciendo durante los \u00faltimos d\u00edas sobre la posibilidad de que le den un hermanito al peque\u00f1o Mil\u00e1n. Ser\u00e1 en enero del pr\u00f3ximo a\u00f1o cuando su primer hijo tenga un compa\u00f1ero de\u00a0<label style=\"color: #0000ff;\">juegos<\/label>, como as\u00ed ha reconocido la pareja<!--more--><\/p>\n<p>Shakira est\u00e1 embarazada. Los rumores que llevan pululando por las redacciones desde hace varias semanas y que se vieron intensificadas cuando su amigo Calos Vives se fue de la lengua hablando sin tapujos sobre la buena nueva, se ven ahora confirmados.<\/p>\n<p>Ha sido la propia cantante quien, en compa\u00f1\u00eda de Gerard Piqu\u00e9, ha dado por buenos los comentarios que se ven\u00edan produciendo durante los \u00faltimos d\u00edas sobre la posibilidad de que le den un hermanito al peque\u00f1o Mil\u00e1n. Ser\u00e1 en enero del pr\u00f3ximo a\u00f1o cuando su primer hijo tenga un compa\u00f1ero de juegos, como as\u00ed ha reconocido la pareja a El Peri\u00f3dico de Catalunya.<\/p>\n<p>Fue en la gala de clausura del\u00a0<label style=\"color: #0000ff;\">Mundial<\/label>\u00a0de\u00a0<label style=\"color: #0000ff;\">Brasil<\/label>\u00a0cuando se comenz\u00f3 a hablar sobre un posible embarazo de la cantante de Barranquillas. Desde las gradas del estadio de Maracan\u00e1 fueron muchos los que repararon en la incipiente barriguita de la\u00a0<label style=\"color: #0000ff;\">novia<\/label>\u00a0del<label style=\"color: #0000ff;\">jugador<\/label>\u00a0cul\u00e9.<\/p>\n<p>Muchos medios se hicieron eco de la noticia, pero la trataron con cierto cuidado ante la posibilidad de que la cantante tan s\u00f3lo hubiese ganado unos cuantos kilitos de m\u00e1s. Lejos de ser as\u00ed, la pareja ha confirmado que a principios del a\u00f1o que viene se convertir\u00e1n de nuevo en padres.<\/p>\n<p>Ser\u00e1 en enero, el mismo mes en el que naci\u00f3 su hijo Mil\u00e1n hace dos a\u00f1os. La confirmaci\u00f3n ha llegado una vez que Shakira y Piqu\u00e9 han regresado a Barcelona, tras disfrutar de unas relajantes vacaciones en familia en el Caribe. S<\/p>\n<p>us d\u00edas de asueto comenzaron tras finalizar el Mundial. Una convocatoria que ha marcado su relaci\u00f3n desde los primeros d\u00edas. Fue hace cuatro a\u00f1os, en el Mundial de Sud\u00e1frica, cuando Gerard Piqu\u00e9 se llev\u00f3 algo m\u00e1s que una estrella en su camiseta roja: el coraz\u00f3n de la artista oficial de la concentraci\u00f3n.<\/p>\n<p>Dos a\u00f1os despu\u00e9s nac\u00eda su hijo Mil\u00e1n y, ahora, cuatro a\u00f1os m\u00e1s tarde, ampliar\u00e1n la familia con un nuevo reto\u00f1o del cual se desconoce todav\u00eda el sexo o su nombre.<\/p>\n<p><iframe loading=\"lazy\" src=\"http:\/\/instagram.com\/p\/qMe8ciojvT\/embed\/\" width=\"612\" height=\"710\" frameborder=\"0\" scrolling=\"no\"><\/iframe><\/p>\n<p>Fuente:\u00a0<a style=\"color: #006e94;\" href=\"http:\/\/www.vanitatis.elconfidencial.com\/noticias\/2014-07-28\/shakira-y-pique-confirman-que-esperan-su-segundo-hijo-para-enero-del-2015_169060\/\" target=\"_blank\">Vanitatis<\/a><\/p>\n<p>AJV<\/p>\n","protected":false},"excerpt":{"rendered":"<p>Ha sido la propia cantante quien, en compa\u00f1\u00eda de Gerard Piqu\u00e9, ha dado por buenos los comentarios que se ven\u00edan produciendo durante los \u00faltimos d\u00edas sobre la posibilidad de que le den un hermanito al peque\u00f1o Mil\u00e1n. Ser\u00e1 en enero del pr\u00f3ximo a\u00f1o cuando su primer hijo tenga un compa\u00f1ero de\u00a0juegos, como as\u00ed ha reconocido la pareja<\/p>\n","protected":false},"author":3,"featured_media":6655,"comment_status":"closed","ping_status":"closed","sticky":false,"template":"","format":"standard","meta":{"advanced_seo_description":"","jetpack_seo_html_title":"","jetpack_seo_noindex":false,"_jetpack_memberships_contains_paid_content":false,"footnotes":"","jetpack_publicize_message":"","jetpack_publicize_feature_enabled":true,"jetpack_social_post_already_shared":true,"jetpack_social_options":{"image_generator_settings":{"template":"highway","default_image_id":0,"font":"","enabled":false},"version":2}},"categories":[4],"tags":[],"class_list":["post-6654","post","type-post","status-publish","format-standard","has-post-thumbnail","hentry","category-entretenimiento"],"jetpack_publicize_connections":[],"jetpack_featured_media_url":"https:\/\/sosuaonline.net\/inicio\/wp-content\/uploads\/2014\/07\/fgddffdgdfg.jpg","jetpack_sharing_enabled":true,"_links":{"self":[{"href":"https:\/\/sosuaonline.net\/inicio\/wp-json\/wp\/v2\/posts\/6654","targetHints":{"allow":["GET"]}}],"collection":[{"href":"https:\/\/sosuaonline.net\/inicio\/wp-json\/wp\/v2\/posts"}],"about":[{"href":"https:\/\/sosuaonline.net\/inicio\/wp-json\/wp\/v2\/types\/post"}],"author":[{"embeddable":true,"href":"https:\/\/sosuaonline.net\/inicio\/wp-json\/wp\/v2\/users\/3"}],"replies":[{"embeddable":true,"href":"https:\/\/sosuaonline.net\/inicio\/wp-json\/wp\/v2\/comments?post=6654"}],"version-history":[{"count":1,"href":"https:\/\/sosuaonline.net\/inicio\/wp-json\/wp\/v2\/posts\/6654\/revisions"}],"predecessor-version":[{"id":6656,"href":"https:\/\/sosuaonline.net\/inicio\/wp-json\/wp\/v2\/posts\/6654\/revisions\/6656"}],"wp:featuredmedia":[{"embeddable":true,"href":"https:\/\/sosuaonline.net\/inicio\/wp-json\/wp\/v2\/media\/6655"}],"wp:attachment":[{"href":"https:\/\/sosuaonline.net\/inicio\/wp-json\/wp\/v2\/media?parent=6654"}],"wp:term":[{"taxonomy":"category","embeddable":true,"href":"https:\/\/sosuaonline.net\/inicio\/wp-json\/wp\/v2\/categories?post=6654"},{"taxonomy":"post_tag","embeddable":true,"href":"https:\/\/sosuaonline.net\/inicio\/wp-json\/wp\/v2\/tags?post=6654"}],"curies":[{"name":"wp","href":"https:\/\/api.w.org\/{rel}","templated":true}]}}