{"id":66711,"date":"2017-05-30T21:31:30","date_gmt":"2017-05-31T01:31:30","guid":{"rendered":"http:\/\/sosuaonline.net\/inicio\/?p=66711"},"modified":"2017-05-30T21:31:30","modified_gmt":"2017-05-31T01:31:30","slug":"la-primera-serie-exclusiva-de-apple-llegara-con-toda-la-fuerza-y-la-popularidad-de-las-celebridades","status":"publish","type":"post","link":"https:\/\/sosuaonline.net\/inicio\/la-primera-serie-exclusiva-de-apple-llegara-con-toda-la-fuerza-y-la-popularidad-de-las-celebridades\/","title":{"rendered":"La primera serie exclusiva de Apple llegar\u00e1 con toda la fuerza y la popularidad de las celebridades."},"content":{"rendered":"<p><a href=\"http:\/\/sosuaonline.net\/inicio\/wp-content\/uploads\/2017\/05\/carpool.png\"><img loading=\"lazy\" decoding=\"async\" data-attachment-id=\"66712\" data-permalink=\"https:\/\/sosuaonline.net\/inicio\/la-primera-serie-exclusiva-de-apple-llegara-con-toda-la-fuerza-y-la-popularidad-de-las-celebridades\/carpool\/\" data-orig-file=\"https:\/\/sosuaonline.net\/inicio\/wp-content\/uploads\/2017\/05\/carpool.png\" data-orig-size=\"600,294\" data-comments-opened=\"0\" data-image-meta=\"{&quot;aperture&quot;:&quot;0&quot;,&quot;credit&quot;:&quot;&quot;,&quot;camera&quot;:&quot;&quot;,&quot;caption&quot;:&quot;&quot;,&quot;created_timestamp&quot;:&quot;0&quot;,&quot;copyright&quot;:&quot;&quot;,&quot;focal_length&quot;:&quot;0&quot;,&quot;iso&quot;:&quot;0&quot;,&quot;shutter_speed&quot;:&quot;0&quot;,&quot;title&quot;:&quot;&quot;,&quot;orientation&quot;:&quot;0&quot;}\" data-image-title=\"carpool\" data-image-description=\"\" data-image-caption=\"\" data-medium-file=\"https:\/\/sosuaonline.net\/inicio\/wp-content\/uploads\/2017\/05\/carpool-300x147.png\" data-large-file=\"https:\/\/sosuaonline.net\/inicio\/wp-content\/uploads\/2017\/05\/carpool.png\" class=\"aligncenter size-full wp-image-66712\" src=\"http:\/\/sosuaonline.net\/inicio\/wp-content\/uploads\/2017\/05\/carpool.png\" alt=\"\" width=\"600\" height=\"294\" srcset=\"https:\/\/sosuaonline.net\/inicio\/wp-content\/uploads\/2017\/05\/carpool.png 600w, https:\/\/sosuaonline.net\/inicio\/wp-content\/uploads\/2017\/05\/carpool-300x147.png 300w\" sizes=\"auto, (max-width: 600px) 100vw, 600px\" \/><\/a>Apple incursionar\u00e1 oficialmente en el mundo de las series el pr\u00f3ximo 8 de agosto, tal como lo ha confirmado el director de iTunes, Eddy Cue, en un tweet:<!--more--><\/p>\n<div class=\"SandboxRoot env-bp-350\" data-twitter-event-id=\"0\">\n<div id=\"twitter-widget-0\" class=\"EmbeddedTweet js-clickToOpenTarget tweet-InformationCircle-widgetParent\" lang=\"es\" data-click-to-open-target=\"https:\/\/twitter.com\/cue\/status\/869647850111516672\" data-iframe-title=\"Tweet de Twitter\" data-dt-full=\"%{hours24}:%{minutes} - %{day} %{month} %{year}\" data-dt-months=\"Jan|Feb|Mar|Apr|May|Jun|Jul|Aug|Sep|Oct|Nov|Dec\" data-dt-am=\"AM\" data-dt-pm=\"PM\" data-dt-now=\"now\" data-dt-s=\"s\" data-dt-m=\"m\" data-dt-h=\"h\" data-dt-second=\"segundo\" data-dt-seconds=\"segundos\" data-dt-minute=\"minuto\" data-dt-minutes=\"minutos\" data-dt-hour=\"hora\" data-dt-hours=\"horas\" data-dt-abbr=\"%{number}%{symbol}\" data-dt-short=\"%{day} %{month}\" data-dt-long=\"%{day} %{month} %{year}\" data-scribe=\"page:tweet\" data-twitter-event-id=\"1\">\n<div class=\"EmbeddedTweet-tweet\">\n<blockquote class=\"Tweet h-entry js-tweetIdInfo subject expanded is-deciderHtmlWhitespace\" cite=\"https:\/\/twitter.com\/cue\/status\/869647850111516672\" data-tweet-id=\"869647850111516672\" data-scribe=\"section:subject\">\n<div class=\"Tweet-header u-cf\">\n<div class=\"Tweet-brand u-floatRight\">\n<div class=\"Icon Icon--twitter \" title=\"\"><\/div>\n<p><span class=\"u-hiddenInNarrowEnv\"><a class=\"FollowButton follow-button profile\" title=\"Seguir a Eddy Cue en Twitter\" href=\"https:\/\/twitter.com\/cue\" data-scribe=\"component:followbutton\">Seguir<\/a><\/span><\/p>\n<\/div>\n<div class=\"TweetAuthor \" data-scribe=\"component:author\">\n<p><a class=\"TweetAuthor-link Identity u-linkBlend\" href=\"https:\/\/twitter.com\/cue\" data-scribe=\"element:user_link\"><span class=\"TweetAuthor-avatar Identity-avatar\"><img decoding=\"async\" class=\"Avatar\" src=\"https:\/\/pbs.twimg.com\/profile_images\/22395132\/cue2_normal.jpg\" alt=\"\" data-scribe=\"element:avatar\" data-src-2x=\"https:\/\/pbs.twimg.com\/profile_images\/22395132\/cue2_bigger.jpg\" data-src-1x=\"https:\/\/pbs.twimg.com\/profile_images\/22395132\/cue2_normal.jpg\" \/><\/span><span class=\"TweetAuthor-name Identity-name customisable-highlight\" title=\"Eddy Cue\" data-scribe=\"element:name\">Eddy Cue<\/span> <\/a><\/p>\n<div class=\"Icon Icon--verified \" title=\"Cuenta verificada\"><\/div>\n<p><a class=\"TweetAuthor-link Identity u-linkBlend\" href=\"https:\/\/twitter.com\/cue\" data-scribe=\"element:user_link\"><span class=\"TweetAuthor-verifiedBadge\" data-scribe=\"element:verified_badge\"><b class=\"u-hiddenVisually\">\u2714<\/b><\/span><span class=\"TweetAuthor-screenName Identity-screenName\" dir=\"ltr\" title=\"@cue\" data-scribe=\"element:screen_name\">@cue<\/span><\/a><\/p>\n<\/div>\n<\/div>\n<div class=\"Tweet-body e-entry-content\" data-scribe=\"component:tweet\">\n<p class=\"Tweet-text e-entry-title\" dir=\"ltr\" lang=\"en\">Excited to roll out <a class=\"PrettyLink hashtag customisable\" dir=\"ltr\" href=\"https:\/\/twitter.com\/hashtag\/CarpoolKaraoke?src=hash\" rel=\"tag\" data-query-source=\"hashtag_click\" data-scribe=\"element:hashtag\"><span class=\"PrettyLink-prefix\">#<\/span><span class=\"PrettyLink-value\">CarpoolKaraoke<\/span><\/a>: The Series on <a class=\"PrettyLink profile customisable h-card\" dir=\"ltr\" href=\"https:\/\/twitter.com\/AppleMusic\" data-mentioned-user-id=\"74580436\" data-scribe=\"element:mention\"><span class=\"PrettyLink-prefix\">@<\/span><span class=\"PrettyLink-value\">AppleMusic<\/span><\/a>\u2014 Coming August 8!<\/p>\n<div class=\"Tweet-metadata dateline\"><\/div>\n<\/div>\n<\/blockquote>\n<\/div>\n<\/div>\n<div class=\"resize-sensor\"><\/div>\n<\/div>\n<p style=\"text-align: center;\"><iframe loading=\"lazy\" src=\"https:\/\/www.youtube.com\/embed\/n2fipKCrV3I\" width=\"670\" height=\"402\" frameborder=\"0\" allowfullscreen=\"allowfullscreen\"><\/iframe><br \/>\nSe tratar\u00e1 de una serie donde m\u00fasicos y celebridades compartir\u00e1n autom\u00f3vil, cantar\u00e1n y charlar\u00e1n de manera casual.<\/p>\n<p>En julio del 2016 se report\u00f3 que Apple hab\u00eda adquirido los derechos del segmento \u00abCarpool Karaoke with James Corden\u00bb del programa estadounidense <em>The Late Late Show<\/em>.<\/p>\n<p>Este segmento del programa hab\u00eda sido un verdadero \u00e9xito viral, sobretodo aquel en el que particip\u00f3 la solista brit\u00e1nica Adele, el cual suma m\u00e1s de 159 millones de reproducciones.<\/p>\n<div class=\"wrapperBanner roba_midpage mobile\"><\/div>\n<p class=\"videoWrapper\" style=\"text-align: center;\"><iframe loading=\"lazy\" src=\"https:\/\/www.youtube.com\/embed\/Nck6BZga7TQ\" width=\"640\" height=\"360\" frameborder=\"0\" allowfullscreen=\"allowfullscreen\" data-mce-fragment=\"1\"><\/iframe><\/p>\n<p>Se presume que la nueva serie contar\u00e1 con 16 cap\u00edtulos que saldr\u00e1n semana a semana y <strong>ser\u00e1n exclusivos para los suscriptores de <a href=\"https:\/\/hipertextual.com\/tag\/apple-music\">Apple Music<\/a>.<\/strong><\/p>\n<p>En el tr\u00e1iler podemos ver que en el show participar\u00e1n estrellas como <strong>Ariana Grande, Shaquille O&#8217; Neal, Will Smith, Alicia Keys, John Legend y los integrantes de Metallica, entre otros.<\/strong><\/p>\n","protected":false},"excerpt":{"rendered":"<p>Apple incursionar\u00e1 oficialmente en el mundo de las series el pr\u00f3ximo 8 de agosto, tal como lo ha confirmado el director de iTunes, Eddy Cue, en un tweet:<\/p>\n","protected":false},"author":12,"featured_media":66712,"comment_status":"closed","ping_status":"closed","sticky":false,"template":"","format":"standard","meta":{"advanced_seo_description":"","jetpack_seo_html_title":"","jetpack_seo_noindex":false,"_jetpack_memberships_contains_paid_content":false,"footnotes":"","jetpack_publicize_message":"","jetpack_publicize_feature_enabled":true,"jetpack_social_post_already_shared":true,"jetpack_social_options":{"image_generator_settings":{"template":"highway","default_image_id":0,"font":"","enabled":false},"version":2}},"categories":[4],"tags":[],"class_list":["post-66711","post","type-post","status-publish","format-standard","has-post-thumbnail","hentry","category-entretenimiento"],"jetpack_publicize_connections":[],"jetpack_featured_media_url":"https:\/\/sosuaonline.net\/inicio\/wp-content\/uploads\/2017\/05\/carpool.png","jetpack_sharing_enabled":true,"_links":{"self":[{"href":"https:\/\/sosuaonline.net\/inicio\/wp-json\/wp\/v2\/posts\/66711","targetHints":{"allow":["GET"]}}],"collection":[{"href":"https:\/\/sosuaonline.net\/inicio\/wp-json\/wp\/v2\/posts"}],"about":[{"href":"https:\/\/sosuaonline.net\/inicio\/wp-json\/wp\/v2\/types\/post"}],"author":[{"embeddable":true,"href":"https:\/\/sosuaonline.net\/inicio\/wp-json\/wp\/v2\/users\/12"}],"replies":[{"embeddable":true,"href":"https:\/\/sosuaonline.net\/inicio\/wp-json\/wp\/v2\/comments?post=66711"}],"version-history":[{"count":1,"href":"https:\/\/sosuaonline.net\/inicio\/wp-json\/wp\/v2\/posts\/66711\/revisions"}],"predecessor-version":[{"id":66713,"href":"https:\/\/sosuaonline.net\/inicio\/wp-json\/wp\/v2\/posts\/66711\/revisions\/66713"}],"wp:featuredmedia":[{"embeddable":true,"href":"https:\/\/sosuaonline.net\/inicio\/wp-json\/wp\/v2\/media\/66712"}],"wp:attachment":[{"href":"https:\/\/sosuaonline.net\/inicio\/wp-json\/wp\/v2\/media?parent=66711"}],"wp:term":[{"taxonomy":"category","embeddable":true,"href":"https:\/\/sosuaonline.net\/inicio\/wp-json\/wp\/v2\/categories?post=66711"},{"taxonomy":"post_tag","embeddable":true,"href":"https:\/\/sosuaonline.net\/inicio\/wp-json\/wp\/v2\/tags?post=66711"}],"curies":[{"name":"wp","href":"https:\/\/api.w.org\/{rel}","templated":true}]}}