{"id":69893,"date":"2017-10-20T09:33:56","date_gmt":"2017-10-20T13:33:56","guid":{"rendered":"http:\/\/sosuaonline.net\/inicio\/?p=69893"},"modified":"2017-10-20T09:34:57","modified_gmt":"2017-10-20T13:34:57","slug":"la-intolerancia-a-la-lactosa-un-hecho-del-siglo-xxi","status":"publish","type":"post","link":"https:\/\/sosuaonline.net\/inicio\/la-intolerancia-a-la-lactosa-un-hecho-del-siglo-xxi\/","title":{"rendered":"La intolerancia a la lactosa \u00bfUn hecho del siglo XXI?"},"content":{"rendered":"<h2><img loading=\"lazy\" decoding=\"async\" data-attachment-id=\"69894\" data-permalink=\"https:\/\/sosuaonline.net\/inicio\/la-intolerancia-a-la-lactosa-un-hecho-del-siglo-xxi\/intolerancia-lactosa\/\" data-orig-file=\"https:\/\/sosuaonline.net\/inicio\/wp-content\/uploads\/2017\/10\/intolerancia-lactosa.jpg\" data-orig-size=\"604,477\" data-comments-opened=\"0\" data-image-meta=\"{&quot;aperture&quot;:&quot;0&quot;,&quot;credit&quot;:&quot;&quot;,&quot;camera&quot;:&quot;&quot;,&quot;caption&quot;:&quot;&quot;,&quot;created_timestamp&quot;:&quot;0&quot;,&quot;copyright&quot;:&quot;&quot;,&quot;focal_length&quot;:&quot;0&quot;,&quot;iso&quot;:&quot;0&quot;,&quot;shutter_speed&quot;:&quot;0&quot;,&quot;title&quot;:&quot;&quot;,&quot;orientation&quot;:&quot;1&quot;}\" data-image-title=\"intolerancia-lactosa\" data-image-description=\"\" data-image-caption=\"\" data-medium-file=\"https:\/\/sosuaonline.net\/inicio\/wp-content\/uploads\/2017\/10\/intolerancia-lactosa-300x237.jpg\" data-large-file=\"https:\/\/sosuaonline.net\/inicio\/wp-content\/uploads\/2017\/10\/intolerancia-lactosa.jpg\" class=\" wp-image-69894 alignleft\" src=\"http:\/\/sosuaonline.net\/inicio\/wp-content\/uploads\/2017\/10\/intolerancia-lactosa.jpg\" alt=\"\" width=\"341\" height=\"269\" srcset=\"https:\/\/sosuaonline.net\/inicio\/wp-content\/uploads\/2017\/10\/intolerancia-lactosa.jpg 604w, https:\/\/sosuaonline.net\/inicio\/wp-content\/uploads\/2017\/10\/intolerancia-lactosa-300x237.jpg 300w\" sizes=\"auto, (max-width: 341px) 100vw, 341px\" \/>En los \u00faltimos a\u00f1os ha aumentado el n\u00famero de personas con intolerancia a la lactosa, sobretodo en edades tempranas, y cada vez es m\u00e1s frecuente que alguien de nuestro entorno sufra este trastorno.<\/h2>\n<p><!--more--><\/p>\n<p>Algunas personas pueden pensar que es algo \u201cde moda\u201d, que antes no se o\u00eda, pero los datos muestran que ya en \u00e9poca de Hip\u00f3crates, en el a\u00f1o 400 A.C. se describen una serie de s\u00edntomas intestinales en algunas\u00a0personas despu\u00e9s de consumir l\u00e1cteos como leche y queso. Sin embargo, es a mitad del siglo XX cuando aparecen los primeros casos m\u00e9dicos documentados de intolerancia a la lactosa.<\/p>\n","protected":false},"excerpt":{"rendered":"<p>En los \u00faltimos a\u00f1os ha aumentado el n\u00famero de personas con intolerancia a la lactosa, sobretodo en edades tempranas, y cada vez es m\u00e1s frecuente que alguien de nuestro entorno sufra este trastorno.<\/p>\n","protected":false},"author":9,"featured_media":69894,"comment_status":"closed","ping_status":"closed","sticky":false,"template":"","format":"standard","meta":{"advanced_seo_description":"","jetpack_seo_html_title":"","jetpack_seo_noindex":false,"_jetpack_memberships_contains_paid_content":false,"footnotes":"","jetpack_publicize_message":"","jetpack_publicize_feature_enabled":true,"jetpack_social_post_already_shared":true,"jetpack_social_options":{"image_generator_settings":{"template":"highway","default_image_id":0,"font":"","enabled":false},"version":2}},"categories":[6],"tags":[],"class_list":["post-69893","post","type-post","status-publish","format-standard","has-post-thumbnail","hentry","category-salud-bienestar"],"jetpack_publicize_connections":[],"jetpack_featured_media_url":"https:\/\/sosuaonline.net\/inicio\/wp-content\/uploads\/2017\/10\/intolerancia-lactosa.jpg","jetpack_sharing_enabled":true,"_links":{"self":[{"href":"https:\/\/sosuaonline.net\/inicio\/wp-json\/wp\/v2\/posts\/69893","targetHints":{"allow":["GET"]}}],"collection":[{"href":"https:\/\/sosuaonline.net\/inicio\/wp-json\/wp\/v2\/posts"}],"about":[{"href":"https:\/\/sosuaonline.net\/inicio\/wp-json\/wp\/v2\/types\/post"}],"author":[{"embeddable":true,"href":"https:\/\/sosuaonline.net\/inicio\/wp-json\/wp\/v2\/users\/9"}],"replies":[{"embeddable":true,"href":"https:\/\/sosuaonline.net\/inicio\/wp-json\/wp\/v2\/comments?post=69893"}],"version-history":[{"count":1,"href":"https:\/\/sosuaonline.net\/inicio\/wp-json\/wp\/v2\/posts\/69893\/revisions"}],"predecessor-version":[{"id":69895,"href":"https:\/\/sosuaonline.net\/inicio\/wp-json\/wp\/v2\/posts\/69893\/revisions\/69895"}],"wp:featuredmedia":[{"embeddable":true,"href":"https:\/\/sosuaonline.net\/inicio\/wp-json\/wp\/v2\/media\/69894"}],"wp:attachment":[{"href":"https:\/\/sosuaonline.net\/inicio\/wp-json\/wp\/v2\/media?parent=69893"}],"wp:term":[{"taxonomy":"category","embeddable":true,"href":"https:\/\/sosuaonline.net\/inicio\/wp-json\/wp\/v2\/categories?post=69893"},{"taxonomy":"post_tag","embeddable":true,"href":"https:\/\/sosuaonline.net\/inicio\/wp-json\/wp\/v2\/tags?post=69893"}],"curies":[{"name":"wp","href":"https:\/\/api.w.org\/{rel}","templated":true}]}}