{"id":72816,"date":"2018-08-05T20:18:25","date_gmt":"2018-08-06T00:18:25","guid":{"rendered":"http:\/\/sosuaonline.net\/inicio\/?p=72816"},"modified":"2018-08-05T20:18:25","modified_gmt":"2018-08-06T00:18:25","slug":"sjm-ganaderos-y-productores-maiz-reciben-apoyo-para-infraestructuras","status":"publish","type":"post","link":"https:\/\/sosuaonline.net\/inicio\/sjm-ganaderos-y-productores-maiz-reciben-apoyo-para-infraestructuras\/","title":{"rendered":"SJM: Ganaderos y productores ma\u00edz reciben apoyo para infraestructuras"},"content":{"rendered":"<p class=\"text-align-justify\"><img loading=\"lazy\" decoding=\"async\" data-attachment-id=\"72817\" data-permalink=\"https:\/\/sosuaonline.net\/inicio\/sjm-ganaderos-y-productores-maiz-reciben-apoyo-para-infraestructuras\/pedro-corto\/\" data-orig-file=\"https:\/\/sosuaonline.net\/inicio\/wp-content\/uploads\/2018\/08\/pedro-corto.jpg\" data-orig-size=\"640,427\" data-comments-opened=\"0\" data-image-meta=\"{&quot;aperture&quot;:&quot;0&quot;,&quot;credit&quot;:&quot;&quot;,&quot;camera&quot;:&quot;&quot;,&quot;caption&quot;:&quot;&quot;,&quot;created_timestamp&quot;:&quot;0&quot;,&quot;copyright&quot;:&quot;&quot;,&quot;focal_length&quot;:&quot;0&quot;,&quot;iso&quot;:&quot;0&quot;,&quot;shutter_speed&quot;:&quot;0&quot;,&quot;title&quot;:&quot;&quot;,&quot;orientation&quot;:&quot;0&quot;}\" data-image-title=\"pedro-corto\" data-image-description=\"\" data-image-caption=\"\" data-medium-file=\"https:\/\/sosuaonline.net\/inicio\/wp-content\/uploads\/2018\/08\/pedro-corto-300x200.jpg\" data-large-file=\"https:\/\/sosuaonline.net\/inicio\/wp-content\/uploads\/2018\/08\/pedro-corto.jpg\" class=\" wp-image-72817 alignleft\" src=\"http:\/\/sosuaonline.net\/inicio\/wp-content\/uploads\/2018\/08\/pedro-corto.jpg\" alt=\"\" width=\"293\" height=\"196\" srcset=\"https:\/\/sosuaonline.net\/inicio\/wp-content\/uploads\/2018\/08\/pedro-corto.jpg 640w, https:\/\/sosuaonline.net\/inicio\/wp-content\/uploads\/2018\/08\/pedro-corto-300x200.jpg 300w\" sizes=\"auto, (max-width: 293px) 100vw, 293px\" \/>SAN JUAN DE LA MAGUANA.-\u00a0 El presidente Danilo Medina acerc\u00f3 este domingo el gobierno a los ganaderos y productores de esta provincia, cuyas necesidades fueron atendidas para continuar la democratizaci\u00f3n de oportunidades impulsada en el pa\u00eds en seis a\u00f1os de gesti\u00f3n de gobierno.<!--more--><\/p>\n<p class=\"text-align-justify\">En esta visita sorpresa, la 216 que realiza el presidente de la Rep\u00fablica para sostener un di\u00e1logo de t\u00fa a t\u00fa con la gente del campo, Medina hizo una primera parada en Pedro Corto.<\/p>\n<div><\/div>\n<p class=\"text-align-justify\"><strong>Pedro Corto<\/strong><\/p>\n<p class=\"text-align-justify\">En este municipio, el jefe de Estado se reuni\u00f3 con 78 socios de la Asociaci\u00f3n Comunitaria de Ayuda Mutua La Humanitaria y con otros hombres y mujeres de la comunidad, con quienes asumi\u00f3 los siguientes compromisos:<\/p>\n<p class=\"text-align-justify\">\u00b7\u00a0\u00a0\u00a0\u00a0\u00a0\u00a0\u00a0\u00a0\u00a0Construcci\u00f3n de centro de acopio<\/p>\n<p class=\"text-align-justify\">\u00b7\u00a0\u00a0\u00a0\u00a0\u00a0\u00a0\u00a0\u00a0\u00a0Equipamiento<\/p>\n<p class=\"text-align-justify\">\u00b7\u00a0\u00a0\u00a0\u00a0\u00a0\u00a0\u00a0\u00a0\u00a0Siembra de 1,170 tareas de ma\u00edz<\/p>\n<p class=\"text-align-justify\">\u00b7\u00a0\u00a0\u00a0\u00a0\u00a0\u00a0\u00a0\u00a0\u00a0T\u00edtulos de propiedad<\/p>\n<p class=\"text-align-justify\">\u00b7\u00a0\u00a0\u00a0\u00a0\u00a0\u00a0\u00a0\u00a0\u00a0Autob\u00fas para estudiantes<\/p>\n<p class=\"text-align-justify\">\u00b7\u00a0\u00a0\u00a0\u00a0\u00a0\u00a0\u00a0\u00a0\u00a0Terminaci\u00f3n de cuartel y aumento de dotaci\u00f3n policial<\/p>\n<p class=\"text-align-justify\">\u00b7\u00a0\u00a0\u00a0\u00a0\u00a0\u00a0\u00a0\u00a0\u00a0Donaci\u00f3n de tractor, lastras, planta, balanza y cami\u00f3n<\/p>\n<p class=\"text-align-justify\">\u00b7\u00a0\u00a0\u00a0\u00a0\u00a0\u00a0\u00a0\u00a0\u00a0Evaluaci\u00f3n de monta\u00f1as para reforestar<\/p>\n<p class=\"text-align-justify\">\u00b7\u00a0\u00a0\u00a0\u00a0\u00a0\u00a0\u00a0\u00a0\u00a0Evaluaci\u00f3n de proyecto de ganader\u00eda<\/p>\n<p class=\"text-align-justify\"><img decoding=\"async\" class=\"img-responsive\" src=\"https:\/\/presidencia.gob.do\/sites\/default\/files\/d8_images\/43145237024_eda70d6db4_z_0.jpg\" alt=\"VS 216\" \/><\/p>\n<p class=\"text-align-justify\">Metas:<\/p>\n<p class=\"text-align-justify\">\u00b7\u00a0\u00a0\u00a0\u00a0\u00a0\u00a0\u00a0\u00a0\u00a0Crear 15 empleos fijos<\/p>\n<p class=\"text-align-justify\">\u00b7\u00a0\u00a0\u00a0\u00a0\u00a0\u00a0\u00a0\u00a0\u00a0Crear 65 empleos temporales<\/p>\n<p class=\"text-align-justify\">\u00b7\u00a0\u00a0\u00a0\u00a0\u00a0\u00a0\u00a0\u00a0\u00a0Producir 6,400 quintales de ma\u00edz por ciclo con un rendimiento por tarea de 5.5 quintales<\/p>\n<p class=\"text-align-justify\"><strong>Barranca<\/strong><\/p>\n<p class=\"text-align-justify\">Acto seguido, Danilo Medina se traslad\u00f3 a Barranca, en San Juan de la Maguana, donde sostuvo un encuentro con los 102 socios de la Asociaci\u00f3n de Ganaderos Productores de Leche de San Juan (APROLESA) y los dem\u00e1s comunitarios, a quienes prometi\u00f3:<\/p>\n<p class=\"text-align-justify\">\u00b7\u00a0\u00a0\u00a0\u00a0\u00a0\u00a0\u00a0\u00a0\u00a0Construcci\u00f3n de salas de orde\u00f1o, comederos y bebederos-piletas<\/p>\n<p class=\"text-align-justify\">\u00b7\u00a0\u00a0\u00a0\u00a0\u00a0\u00a0\u00a0\u00a0\u00a0Tractor<\/p>\n<p class=\"text-align-justify\">\u00b7\u00a0\u00a0\u00a0\u00a0\u00a0\u00a0\u00a0\u00a0\u00a0Cami\u00f3n<\/p>\n<p class=\"text-align-justify\">\u00b7\u00a0\u00a0\u00a0\u00a0\u00a0\u00a0\u00a0\u00a0\u00a0Mezcladora de alimento horizontal<\/p>\n<p class=\"text-align-justify\">\u00b7\u00a0\u00a0\u00a0\u00a0\u00a0\u00a0\u00a0\u00a0\u00a0Financiamiento solidario para vacas de orde\u00f1o<\/p>\n<p class=\"text-align-justify\">\u00b7\u00a0\u00a0\u00a0\u00a0\u00a0\u00a0\u00a0\u00a0\u00a0Pozos tubulares con bomba sumergible y paneles solares<\/p>\n<p class=\"text-align-justify\">\u00b7\u00a0\u00a0\u00a0\u00a0\u00a0\u00a0\u00a0\u00a0\u00a0Sistema de orde\u00f1o mec\u00e1nico<\/p>\n<p class=\"text-align-justify\">\u00b7\u00a0\u00a0\u00a0\u00a0\u00a0\u00a0\u00a0\u00a0\u00a0T\u00edtulos definitivos de propiedad<\/p>\n<p class=\"text-align-justify\"><img decoding=\"async\" class=\"img-responsive\" src=\"https:\/\/presidencia.gob.do\/sites\/default\/files\/d8_images\/42057470030_e4e8366fc6_z.jpg\" alt=\"VS 216\" \/><\/p>\n<p class=\"text-align-justify\">Metas:<\/p>\n<p class=\"text-align-justify\">\u00b7\u00a0\u00a0\u00a0\u00a0\u00a0\u00a0\u00a0\u00a0\u00a0Aumentar producci\u00f3n de leche de 5,000 a 6,400 litros por d\u00eda<\/p>\n<p class=\"text-align-justify\">\u00b7\u00a0\u00a0\u00a0\u00a0\u00a0\u00a0\u00a0\u00a0\u00a0Aumentar producci\u00f3n de leche de 1,200,000 a 1,416,000 litros por a\u00f1o<\/p>\n<p class=\"text-align-justify\">\u00b7\u00a0\u00a0\u00a0\u00a0\u00a0\u00a0\u00a0\u00a0\u00a0Producir 16,000 kilos de carne al a\u00f1o<\/p>\n<p class=\"text-align-justify\">\u00b7\u00a0\u00a0\u00a0\u00a0\u00a0\u00a0\u00a0\u00a0\u00a0Generar beneficios anuales por socio estimado en RD$185,000<\/p>\n<p class=\"text-align-justify\">\u00b7\u00a0\u00a0\u00a0\u00a0\u00a0\u00a0\u00a0\u00a0\u00a0Beneficiar a m\u00e1s de 500 personas directa e indirectamente<\/p>\n<p class=\"text-align-justify\">\u00b7\u00a0\u00a0\u00a0\u00a0\u00a0\u00a0\u00a0\u00a0\u00a0Generar volumen de negociaci\u00f3n de RD$23,520,000.00 adicionales<\/p>\n<p class=\"text-align-justify\"><img decoding=\"async\" class=\"img-responsive\" src=\"https:\/\/presidencia.gob.do\/sites\/default\/files\/d8_images\/42057543150_d5ddd7bd4e_h.jpg\" alt=\"VS 216\" \/><\/p>\n<p class=\"text-align-justify\">Danilo Medina ya ha realizado\u00a015\u00a0Visitas Sorpresa a San Juan, las cuales han permitido:<\/p>\n<p class=\"text-align-justify\">\u00b7\u00a0\u00a0\u00a0\u00a0\u00a0\u00a0\u00a0\u00a0\u00a0Incentivar la asociatividad productiva<\/p>\n<p class=\"text-align-justify\">\u00b7\u00a0\u00a0\u00a0\u00a0\u00a0\u00a0\u00a0\u00a0\u00a0Disminuir el desempleo<\/p>\n<p class=\"text-align-justify\">\u00b7\u00a0\u00a0\u00a0\u00a0\u00a0\u00a0\u00a0\u00a0\u00a0Apoyar la producci\u00f3n de la zona<\/p>\n<p class=\"text-align-justify\">\u00b7\u00a0\u00a0\u00a0\u00a0\u00a0\u00a0\u00a0\u00a0\u00a0Dignificar las condiciones de vida de la gente y de sus comunidades<\/p>\n<p class=\"text-align-justify\">\u00b7\u00a0\u00a0\u00a0\u00a0\u00a0\u00a0\u00a0\u00a0\u00a0Crear mecanismos de comercio colectivo<\/p>\n","protected":false},"excerpt":{"rendered":"<p>SAN JUAN DE LA MAGUANA.-\u00a0 El presidente Danilo Medina acerc\u00f3 este domingo el gobierno a los ganaderos y productores de esta provincia, cuyas necesidades fueron atendidas para continuar la democratizaci\u00f3n de oportunidades impulsada en el pa\u00eds en seis a\u00f1os de gesti\u00f3n de gobierno.<\/p>\n","protected":false},"author":9,"featured_media":72817,"comment_status":"closed","ping_status":"closed","sticky":false,"template":"","format":"standard","meta":{"advanced_seo_description":"","jetpack_seo_html_title":"","jetpack_seo_noindex":false,"_jetpack_memberships_contains_paid_content":false,"footnotes":"","jetpack_publicize_message":"","jetpack_publicize_feature_enabled":true,"jetpack_social_post_already_shared":true,"jetpack_social_options":{"image_generator_settings":{"template":"highway","default_image_id":0,"font":"","enabled":false},"version":2}},"categories":[88],"tags":[],"class_list":["post-72816","post","type-post","status-publish","format-standard","has-post-thumbnail","hentry","category-noticias"],"jetpack_publicize_connections":[],"jetpack_featured_media_url":"https:\/\/sosuaonline.net\/inicio\/wp-content\/uploads\/2018\/08\/pedro-corto.jpg","jetpack_sharing_enabled":true,"_links":{"self":[{"href":"https:\/\/sosuaonline.net\/inicio\/wp-json\/wp\/v2\/posts\/72816","targetHints":{"allow":["GET"]}}],"collection":[{"href":"https:\/\/sosuaonline.net\/inicio\/wp-json\/wp\/v2\/posts"}],"about":[{"href":"https:\/\/sosuaonline.net\/inicio\/wp-json\/wp\/v2\/types\/post"}],"author":[{"embeddable":true,"href":"https:\/\/sosuaonline.net\/inicio\/wp-json\/wp\/v2\/users\/9"}],"replies":[{"embeddable":true,"href":"https:\/\/sosuaonline.net\/inicio\/wp-json\/wp\/v2\/comments?post=72816"}],"version-history":[{"count":1,"href":"https:\/\/sosuaonline.net\/inicio\/wp-json\/wp\/v2\/posts\/72816\/revisions"}],"predecessor-version":[{"id":72818,"href":"https:\/\/sosuaonline.net\/inicio\/wp-json\/wp\/v2\/posts\/72816\/revisions\/72818"}],"wp:featuredmedia":[{"embeddable":true,"href":"https:\/\/sosuaonline.net\/inicio\/wp-json\/wp\/v2\/media\/72817"}],"wp:attachment":[{"href":"https:\/\/sosuaonline.net\/inicio\/wp-json\/wp\/v2\/media?parent=72816"}],"wp:term":[{"taxonomy":"category","embeddable":true,"href":"https:\/\/sosuaonline.net\/inicio\/wp-json\/wp\/v2\/categories?post=72816"},{"taxonomy":"post_tag","embeddable":true,"href":"https:\/\/sosuaonline.net\/inicio\/wp-json\/wp\/v2\/tags?post=72816"}],"curies":[{"name":"wp","href":"https:\/\/api.w.org\/{rel}","templated":true}]}}