{"id":77900,"date":"2020-03-22T12:00:16","date_gmt":"2020-03-22T16:00:16","guid":{"rendered":"http:\/\/sosuaonline.net\/inicio\/?p=77900"},"modified":"2020-03-22T12:00:16","modified_gmt":"2020-03-22T16:00:16","slug":"copa-airlines-cerrara-operaciones-hasta-el-21-abril-por-crisis-del-covid-19","status":"publish","type":"post","link":"https:\/\/sosuaonline.net\/inicio\/copa-airlines-cerrara-operaciones-hasta-el-21-abril-por-crisis-del-covid-19\/","title":{"rendered":"Copa Airlines cerrar\u00e1 operaciones hasta el 21 abril por crisis del covid-19"},"content":{"rendered":"<p><img loading=\"lazy\" decoding=\"async\" data-attachment-id=\"77901\" data-permalink=\"https:\/\/sosuaonline.net\/inicio\/copa-airlines-cerrara-operaciones-hasta-el-21-abril-por-crisis-del-covid-19\/attachment\/202003212206041\/\" data-orig-file=\"https:\/\/sosuaonline.net\/inicio\/wp-content\/uploads\/2020\/03\/202003212206041.jpeg\" data-orig-size=\"210,195\" data-comments-opened=\"0\" data-image-meta=\"{&quot;aperture&quot;:&quot;0&quot;,&quot;credit&quot;:&quot;&quot;,&quot;camera&quot;:&quot;&quot;,&quot;caption&quot;:&quot;&quot;,&quot;created_timestamp&quot;:&quot;0&quot;,&quot;copyright&quot;:&quot;&quot;,&quot;focal_length&quot;:&quot;0&quot;,&quot;iso&quot;:&quot;0&quot;,&quot;shutter_speed&quot;:&quot;0&quot;,&quot;title&quot;:&quot;&quot;,&quot;orientation&quot;:&quot;0&quot;}\" data-image-title=\"202003212206041\" data-image-description=\"\" data-image-caption=\"\" data-medium-file=\"https:\/\/sosuaonline.net\/inicio\/wp-content\/uploads\/2020\/03\/202003212206041.jpeg\" data-large-file=\"https:\/\/sosuaonline.net\/inicio\/wp-content\/uploads\/2020\/03\/202003212206041.jpeg\" class=\"size-full wp-image-77901 alignleft\" src=\"http:\/\/sosuaonline.net\/inicio\/wp-content\/uploads\/2020\/03\/202003212206041.jpeg\" alt=\"\" width=\"210\" height=\"195\" \/>a aerol\u00ednea paname\u00f1a Copa Airlines inform\u00f3 que suspender\u00e1 desde el pr\u00f3ximo hoy hasta el 21 de abril todas sus operaciones, luego de que el Gobierno de Panam\u00e1 anunciara la suspensi\u00f3n por 30 d\u00edas de los vuelos internacionales en el marco de la lucha contra el coronavirus.<!--more--><\/p>\n<p>\u00abCopa Airlines espera retomar sus operaciones el 22 de abril de 2020\u00bb, indic\u00f3 la aerol\u00ednea, que notificar\u00e1 a aquellos afectados por esta medida y record\u00f3 que ha flexibilizado sus pol\u00edticas comerciales en cuanto a cambio de itinerarios y boletos no utilizados.<\/p>\n<p>El presidente paname\u00f1o, Laurentino Cortizo, anunci\u00f3 el pasado jueves que \u00aba partir del domingo 22 de marzo a las 11:59 p.m. (04:59 GMT del lunes) quedar\u00e1n suspendidas las llegadas y salidas de todos los vuelos internacionales (&#8230;) por un periodo de 30 d\u00edas\u00bb.<\/p>\n<p>La medida se suma a la suspensi\u00f3n de los vuelos procedentes de Europa y Asia por 30 d\u00edas prorrogables desde la medianoche del s\u00e1bado pasado, y a la prohibici\u00f3n de la entrada de extranjeros desde el lunes.<\/p>\n<p>Dada la suspensi\u00f3n de vuelos internacionales Copa Airlines, que sirve \u00aba 80 destinos en 33 pa\u00edses, suspender\u00e1 sus operaciones de manera temporal (&#8230;) se ha visto forzada a cancelar todos los vuelos durante ese periodo\u00bb, indic\u00f3 la aerol\u00ednea.<\/p>\n<p>En la empresa \u00abcomprendemos y respaldamos la decisi\u00f3n del Gobierno de Panam\u00e1. Para nosotros nada es m\u00e1s importante que la salud y el bienestar de Panam\u00e1 y los pa\u00edses que servimos\u00bb, dijo el presidente de Copa, Pedro Heilbron.<\/p>\n<p>Panam\u00e1 suma ya al menos 137 contagios y un fallecido por el covid-19, y el Gobierno ha ido decretando en las \u00faltimas dos semanas medidas de aislamiento social, como suspensi\u00f3n de clases, cierre de comercios de sectores no esenciales y restricciones a la movilidad, a fin de frenar la propagaci\u00f3n de la enfermedad.<\/p>\n","protected":false},"excerpt":{"rendered":"<p>a aerol\u00ednea paname\u00f1a Copa Airlines inform\u00f3 que suspender\u00e1 desde el pr\u00f3ximo hoy hasta el 21 de abril todas sus operaciones, luego de que el Gobierno de Panam\u00e1 anunciara la suspensi\u00f3n por 30 d\u00edas de los vuelos internacionales en el marco de la lucha contra el coronavirus.<\/p>\n","protected":false},"author":9,"featured_media":77901,"comment_status":"closed","ping_status":"closed","sticky":false,"template":"","format":"standard","meta":{"advanced_seo_description":"","jetpack_seo_html_title":"","jetpack_seo_noindex":false,"_jetpack_memberships_contains_paid_content":false,"footnotes":"","jetpack_publicize_message":"","jetpack_publicize_feature_enabled":true,"jetpack_social_post_already_shared":false,"jetpack_social_options":{"image_generator_settings":{"template":"highway","default_image_id":0,"font":"","enabled":false},"version":2}},"categories":[460],"tags":[],"class_list":["post-77900","post","type-post","status-publish","format-standard","has-post-thumbnail","hentry","category-turismo-online"],"jetpack_publicize_connections":[],"jetpack_featured_media_url":"https:\/\/sosuaonline.net\/inicio\/wp-content\/uploads\/2020\/03\/202003212206041.jpeg","jetpack_sharing_enabled":true,"_links":{"self":[{"href":"https:\/\/sosuaonline.net\/inicio\/wp-json\/wp\/v2\/posts\/77900","targetHints":{"allow":["GET"]}}],"collection":[{"href":"https:\/\/sosuaonline.net\/inicio\/wp-json\/wp\/v2\/posts"}],"about":[{"href":"https:\/\/sosuaonline.net\/inicio\/wp-json\/wp\/v2\/types\/post"}],"author":[{"embeddable":true,"href":"https:\/\/sosuaonline.net\/inicio\/wp-json\/wp\/v2\/users\/9"}],"replies":[{"embeddable":true,"href":"https:\/\/sosuaonline.net\/inicio\/wp-json\/wp\/v2\/comments?post=77900"}],"version-history":[{"count":1,"href":"https:\/\/sosuaonline.net\/inicio\/wp-json\/wp\/v2\/posts\/77900\/revisions"}],"predecessor-version":[{"id":77902,"href":"https:\/\/sosuaonline.net\/inicio\/wp-json\/wp\/v2\/posts\/77900\/revisions\/77902"}],"wp:featuredmedia":[{"embeddable":true,"href":"https:\/\/sosuaonline.net\/inicio\/wp-json\/wp\/v2\/media\/77901"}],"wp:attachment":[{"href":"https:\/\/sosuaonline.net\/inicio\/wp-json\/wp\/v2\/media?parent=77900"}],"wp:term":[{"taxonomy":"category","embeddable":true,"href":"https:\/\/sosuaonline.net\/inicio\/wp-json\/wp\/v2\/categories?post=77900"},{"taxonomy":"post_tag","embeddable":true,"href":"https:\/\/sosuaonline.net\/inicio\/wp-json\/wp\/v2\/tags?post=77900"}],"curies":[{"name":"wp","href":"https:\/\/api.w.org\/{rel}","templated":true}]}}