{"id":78153,"date":"2020-05-01T09:07:47","date_gmt":"2020-05-01T13:07:47","guid":{"rendered":"http:\/\/sosuaonline.net\/inicio\/?p=78153"},"modified":"2020-05-01T09:07:51","modified_gmt":"2020-05-01T13:07:51","slug":"america-latina-necesita-un-plan-comun-frente-a-la-pandemia-segun-expertos","status":"publish","type":"post","link":"https:\/\/sosuaonline.net\/inicio\/america-latina-necesita-un-plan-comun-frente-a-la-pandemia-segun-expertos\/","title":{"rendered":"Am\u00e9rica Latina necesita un plan com\u00fan frente a la pandemia, seg\u00fan expertos"},"content":{"rendered":"\n<div class=\"wp-block-image\"><figure class=\"alignleft size-large\"><img loading=\"lazy\" decoding=\"async\" width=\"210\" height=\"195\" data-attachment-id=\"78154\" data-permalink=\"https:\/\/sosuaonline.net\/inicio\/america-latina-necesita-un-plan-comun-frente-a-la-pandemia-segun-expertos\/america-latina-necesita-un-plan-comun-frente-a-la-pandemia-segun-expertos\/\" data-orig-file=\"https:\/\/sosuaonline.net\/inicio\/wp-content\/uploads\/2020\/05\/america-latina-necesita-un-plan-comun-frente-a-la-pandemia-segun-expertos.jpeg\" data-orig-size=\"210,195\" data-comments-opened=\"0\" data-image-meta=\"{&quot;aperture&quot;:&quot;0&quot;,&quot;credit&quot;:&quot;&quot;,&quot;camera&quot;:&quot;&quot;,&quot;caption&quot;:&quot;&quot;,&quot;created_timestamp&quot;:&quot;0&quot;,&quot;copyright&quot;:&quot;&quot;,&quot;focal_length&quot;:&quot;0&quot;,&quot;iso&quot;:&quot;0&quot;,&quot;shutter_speed&quot;:&quot;0&quot;,&quot;title&quot;:&quot;&quot;,&quot;orientation&quot;:&quot;0&quot;}\" data-image-title=\"america-latina-necesita-un-plan-comun-frente-a-la-pandemia-segun-expertos\" data-image-description=\"\" data-image-caption=\"\" data-medium-file=\"https:\/\/sosuaonline.net\/inicio\/wp-content\/uploads\/2020\/05\/america-latina-necesita-un-plan-comun-frente-a-la-pandemia-segun-expertos.jpeg\" data-large-file=\"https:\/\/sosuaonline.net\/inicio\/wp-content\/uploads\/2020\/05\/america-latina-necesita-un-plan-comun-frente-a-la-pandemia-segun-expertos.jpeg\" src=\"http:\/\/sosuaonline.net\/inicio\/wp-content\/uploads\/2020\/05\/america-latina-necesita-un-plan-comun-frente-a-la-pandemia-segun-expertos.jpeg\" alt=\"\" class=\"wp-image-78154\" \/><\/figure><\/div>\n\n\n\n<p>Am\u00e9rica Latina se enfrenta al coronavirus con la ventaja de poder adelantarse a su expansi\u00f3n, pero con grandes carencias como el de la falta de integraci\u00f3n regional, clave en estos momentos para afrontar desaf\u00edos como la fragilidad institucional o la informalidad laboral, con consecuencias directas para la econom\u00eda y los derechos y libertades de sus ciudadanos.<\/p>\n\n\n\n<p>As\u00ed lo expusieron este jueves cuatro expertos en la regi\u00f3n en un debate virtual organizado por el Real Instituto Elcano, en el que realizaron un balance pol\u00edtico, econ\u00f3mico y social provisional de las consecuencias del Covid-19 en Latinoam\u00e9rica.<\/p>\n\n\n\n<p>En un mes, del 14 de marzo al 14 de abril de 2020 y como consecuencia del COVID-19, los pa\u00edses de Am\u00e9rica Latina y el Caribe pasaron de tener 2.999 contagiados (oficialmente reconocidos) y 55 muertos a 70.600 contagiados y 3.039 muertos, y aunque el pico de la pandemia a\u00fan no ha llegado, se espera para mayo.<\/p>\n\n\n\n<p>LA INTEGRACI\u00d3N REGIONAL, CLAVE<\/p>\n\n\n\n<p>Y en ese contexto, se hace muy necesaria la integraci\u00f3n regional dijo la excanciller argentina Susana Malcorra, una de las participantes en el debate.<\/p>\n\n\n\n<p>La pandemia est\u00e1 profundizando en la falta de integraci\u00f3n de la regi\u00f3n \u00abuna carencia que siempre ha tenido\u00bb y que ahora se hace m\u00e1s que nunca necesaria, porque \u00abno hay un s\u00e1lvense solos, sino un s\u00e1lvense de manera compartida\u00bb, se\u00f1al\u00f3.<\/p>\n\n\n\n<p>Malcorra record\u00f3 que desde el inicio de la pandemia no se han celebrado mesas de di\u00e1logo, ni de intercambio de informaci\u00f3n y experiencias, algo que remarc\u00f3 tambi\u00e9n Carlos Malamud, investigador del Real Instituto Elcano, quien asegur\u00f3 que antes del Covid-19, Latinoam\u00e9rica era una regi\u00f3n \u00abfragmentada, heterog\u00e9nea e incierta y ahora lo es mucho m\u00e1s\u00bb.<\/p>\n\n\n\n<p>El control de las fronteras es un ejemplo de esa necesidad de alcanzar soluciones en conjunto, seg\u00fan los expertos, que destacaron la situaci\u00f3n de Brasil, sin bloqueo fronterizo y sin medidas de control de la pandemia, que se ha convertido en un flujo infeccioso para los pa\u00edses lim\u00edtrofes.<\/p>\n\n\n\n<p>Jorge Sicilia, economista jefe del BBVA, alert\u00f3 del potencial de la enfermedad de generar un impacto econ\u00f3mico severo en la regi\u00f3n, que ser\u00e1 \u00abdistinto al choque de 2008, porque ahora la capacidad econ\u00f3mica latinoamericana es m\u00e1s d\u00e9bil que entonces\u00bb.<\/p>\n\n\n\n<p>El impacto macroecon\u00f3mico, a corto plazo, recaer\u00e1 sobre una menor demanda de las exportaciones, la ca\u00edda del turismo -principalmente en los pa\u00edses del \u00e1rea del Caribe-, la interrupci\u00f3n de las cadenas de valor, la ca\u00edda del precio de las materias primas y de las remesas, que constituyen una parte muy importante del PIB de muchos pa\u00edses.<\/p>\n\n\n\n<p>\u00abY a todo esto hay que sumar la poca entrada de capitales\u00bb, plante\u00f3 nSicilia.<\/p>\n\n\n\n<p>MIEDO A LA P\u00c9RDIDA DE LIBERTADES Y DERECHOS<\/p>\n\n\n\n<p>\u00abCuando surgen los miedos hay una tensi\u00f3n muy clara entre las libertades y el autoritarismo, y creo que hay rasgos de autoritarismos en algunos lugares de la regi\u00f3n\u00bb, alert\u00f3 Malcorna, quien cree que la tentaci\u00f3n de \u00abalgunos gobiernos\u00bb de inclinarse por medidas que recorten los derechos y libertades de los ciudadanos es \u00abuna complejidad adicional a la que tienen otros pa\u00edses\u00bb frente al coronavirus.<\/p>\n\n\n\n<p>Por eso, reforzar las instituciones y los gobiernos de los pa\u00edses latinoamericanos para evitar \u00abhiperliderazgos\u00bb es fundamental para Cristina Gallach, secretaria de Estado de Asuntos Exteriores y para Iberoam\u00e9rica y el Caribe del Gobierno de Espa\u00f1a.<\/p>\n\n\n\n<p>Gallach se\u00f1al\u00f3 la salud p\u00fablica, la econom\u00eda informal, que afecta al 40% de la poblaci\u00f3n latinoamericana, y la brecha digital, como las \u00e1reas fundamentales donde concretar la acci\u00f3n en la regi\u00f3n y destac\u00f3 que las tres tienen \u00abun clar\u00edsimo eje de g\u00e9nero\u00bb, ya que las mujeres son \u00ablas m\u00e1s afectadas\u00bb.<\/p>\n","protected":false},"excerpt":{"rendered":"<p>Am\u00e9rica Latina se enfrenta al coronavirus con la ventaja de poder adelantarse a su expansi\u00f3n, pero con grandes carencias como el de la falta de integraci\u00f3n regional, clave en estos momentos para afrontar desaf\u00edos como la fragilidad institucional o la informalidad laboral, con consecuencias directas para la econom\u00eda y los derechos y libertades de sus ciudadanos. As\u00ed lo expusieron este jueves cuatro expertos en la regi\u00f3n en un debate virtual organizado por el Real Instituto Elcano, en el que realizaron un balance pol\u00edtico, econ\u00f3mico y social provisional de las consecuencias del Covid-19 en Latinoam\u00e9rica. En un mes, del 14 de marzo al 14 de abril de 2020 y como consecuencia del COVID-19, los pa\u00edses de Am\u00e9rica Latina y el Caribe pasaron de tener 2.999 contagiados (oficialmente reconocidos) y 55 muertos a 70.600 contagiados y 3.039 muertos, y aunque el pico de la pandemia a\u00fan no ha llegado, se espera para mayo. LA INTEGRACI\u00d3N REGIONAL, CLAVE Y en ese contexto, se hace muy necesaria la integraci\u00f3n regional dijo la excanciller argentina Susana Malcorra, una de las participantes en el debate. La pandemia est\u00e1 profundizando en la falta de integraci\u00f3n de la regi\u00f3n \u00abuna carencia que siempre ha tenido\u00bb y que ahora se hace m\u00e1s que nunca necesaria, porque \u00abno hay un s\u00e1lvense solos, sino un s\u00e1lvense de manera compartida\u00bb, se\u00f1al\u00f3. Malcorra record\u00f3 que desde el inicio de la pandemia no se han celebrado mesas de di\u00e1logo, ni de intercambio de informaci\u00f3n y experiencias, algo que remarc\u00f3 tambi\u00e9n Carlos Malamud, investigador del Real Instituto Elcano, quien asegur\u00f3 que antes del Covid-19, Latinoam\u00e9rica era una regi\u00f3n \u00abfragmentada, heterog\u00e9nea e incierta y ahora lo es mucho m\u00e1s\u00bb. El control de las fronteras es un ejemplo de esa necesidad de alcanzar soluciones en conjunto, seg\u00fan los expertos, que destacaron la situaci\u00f3n de Brasil, sin bloqueo fronterizo y sin medidas de control de la pandemia, que se ha convertido en un flujo infeccioso para los pa\u00edses lim\u00edtrofes. Jorge Sicilia, economista jefe del BBVA, alert\u00f3 del potencial de la enfermedad de generar un impacto econ\u00f3mico severo en la regi\u00f3n, que ser\u00e1 \u00abdistinto al choque de 2008, porque ahora la capacidad econ\u00f3mica latinoamericana es m\u00e1s d\u00e9bil que entonces\u00bb. El impacto macroecon\u00f3mico, a corto plazo, recaer\u00e1 sobre una menor demanda de las exportaciones, la ca\u00edda del turismo -principalmente en los pa\u00edses del \u00e1rea del Caribe-, la interrupci\u00f3n de las cadenas de valor, la ca\u00edda del precio de las materias primas y de las remesas, que constituyen una parte muy importante del PIB de muchos pa\u00edses. \u00abY a todo esto hay que sumar la poca entrada de capitales\u00bb, plante\u00f3 nSicilia. MIEDO A LA P\u00c9RDIDA DE LIBERTADES Y DERECHOS \u00abCuando surgen los miedos hay una tensi\u00f3n muy clara entre las libertades y el autoritarismo, y creo que hay rasgos de autoritarismos en algunos lugares de la regi\u00f3n\u00bb, alert\u00f3 Malcorna, quien cree que la tentaci\u00f3n de \u00abalgunos gobiernos\u00bb de inclinarse por medidas que recorten los derechos y libertades de los ciudadanos es \u00abuna complejidad adicional a la que tienen otros pa\u00edses\u00bb frente al coronavirus. Por eso, reforzar las instituciones y los gobiernos de los pa\u00edses latinoamericanos para evitar \u00abhiperliderazgos\u00bb es fundamental para Cristina Gallach, secretaria de Estado de Asuntos Exteriores y para Iberoam\u00e9rica y el Caribe del Gobierno de Espa\u00f1a. Gallach se\u00f1al\u00f3 la salud p\u00fablica, la econom\u00eda informal, que afecta al 40% de la poblaci\u00f3n latinoamericana, y la brecha digital, como las \u00e1reas fundamentales donde concretar la acci\u00f3n en la regi\u00f3n y destac\u00f3 que las tres tienen \u00abun clar\u00edsimo eje de g\u00e9nero\u00bb, ya que las mujeres son \u00ablas m\u00e1s afectadas\u00bb.<\/p>\n","protected":false},"author":9,"featured_media":78154,"comment_status":"closed","ping_status":"closed","sticky":false,"template":"","format":"standard","meta":{"advanced_seo_description":"","jetpack_seo_html_title":"","jetpack_seo_noindex":false,"_jetpack_memberships_contains_paid_content":false,"footnotes":"","jetpack_publicize_message":"","jetpack_publicize_feature_enabled":true,"jetpack_social_post_already_shared":true,"jetpack_social_options":{"image_generator_settings":{"template":"highway","default_image_id":0,"font":"","enabled":false},"version":2}},"categories":[6],"tags":[],"class_list":["post-78153","post","type-post","status-publish","format-standard","has-post-thumbnail","hentry","category-salud-bienestar"],"jetpack_publicize_connections":[],"jetpack_featured_media_url":"https:\/\/sosuaonline.net\/inicio\/wp-content\/uploads\/2020\/05\/america-latina-necesita-un-plan-comun-frente-a-la-pandemia-segun-expertos.jpeg","jetpack_sharing_enabled":true,"_links":{"self":[{"href":"https:\/\/sosuaonline.net\/inicio\/wp-json\/wp\/v2\/posts\/78153","targetHints":{"allow":["GET"]}}],"collection":[{"href":"https:\/\/sosuaonline.net\/inicio\/wp-json\/wp\/v2\/posts"}],"about":[{"href":"https:\/\/sosuaonline.net\/inicio\/wp-json\/wp\/v2\/types\/post"}],"author":[{"embeddable":true,"href":"https:\/\/sosuaonline.net\/inicio\/wp-json\/wp\/v2\/users\/9"}],"replies":[{"embeddable":true,"href":"https:\/\/sosuaonline.net\/inicio\/wp-json\/wp\/v2\/comments?post=78153"}],"version-history":[{"count":1,"href":"https:\/\/sosuaonline.net\/inicio\/wp-json\/wp\/v2\/posts\/78153\/revisions"}],"predecessor-version":[{"id":78155,"href":"https:\/\/sosuaonline.net\/inicio\/wp-json\/wp\/v2\/posts\/78153\/revisions\/78155"}],"wp:featuredmedia":[{"embeddable":true,"href":"https:\/\/sosuaonline.net\/inicio\/wp-json\/wp\/v2\/media\/78154"}],"wp:attachment":[{"href":"https:\/\/sosuaonline.net\/inicio\/wp-json\/wp\/v2\/media?parent=78153"}],"wp:term":[{"taxonomy":"category","embeddable":true,"href":"https:\/\/sosuaonline.net\/inicio\/wp-json\/wp\/v2\/categories?post=78153"},{"taxonomy":"post_tag","embeddable":true,"href":"https:\/\/sosuaonline.net\/inicio\/wp-json\/wp\/v2\/tags?post=78153"}],"curies":[{"name":"wp","href":"https:\/\/api.w.org\/{rel}","templated":true}]}}