{"id":79500,"date":"2020-10-27T07:33:12","date_gmt":"2020-10-27T11:33:12","guid":{"rendered":"http:\/\/sosuaonline.net\/inicio\/?p=79500"},"modified":"2020-10-27T07:33:16","modified_gmt":"2020-10-27T11:33:16","slug":"roberto-fulcar-explica-como-sera-el-proceso-de-inicio-a-clases-el-lunes-dos-de-noviembre","status":"publish","type":"post","link":"https:\/\/sosuaonline.net\/inicio\/roberto-fulcar-explica-como-sera-el-proceso-de-inicio-a-clases-el-lunes-dos-de-noviembre\/","title":{"rendered":"Roberto Fulcar explica c\u00f3mo ser\u00e1 el proceso de inicio a clases el lunes dos de noviembre"},"content":{"rendered":"\n<div class=\"wp-block-image\"><figure class=\"alignleft size-large\"><img loading=\"lazy\" decoding=\"async\" width=\"294\" height=\"197\" data-attachment-id=\"79501\" data-permalink=\"https:\/\/sosuaonline.net\/inicio\/roberto-fulcar-explica-como-sera-el-proceso-de-inicio-a-clases-el-lunes-dos-de-noviembre\/f\/\" data-orig-file=\"https:\/\/sosuaonline.net\/inicio\/wp-content\/uploads\/2020\/10\/f.jpg\" data-orig-size=\"294,197\" data-comments-opened=\"0\" data-image-meta=\"{&quot;aperture&quot;:&quot;0&quot;,&quot;credit&quot;:&quot;&quot;,&quot;camera&quot;:&quot;&quot;,&quot;caption&quot;:&quot;&quot;,&quot;created_timestamp&quot;:&quot;0&quot;,&quot;copyright&quot;:&quot;&quot;,&quot;focal_length&quot;:&quot;0&quot;,&quot;iso&quot;:&quot;0&quot;,&quot;shutter_speed&quot;:&quot;0&quot;,&quot;title&quot;:&quot;&quot;,&quot;orientation&quot;:&quot;0&quot;}\" data-image-title=\"f\" data-image-description=\"\" data-image-caption=\"\" data-medium-file=\"https:\/\/sosuaonline.net\/inicio\/wp-content\/uploads\/2020\/10\/f.jpg\" data-large-file=\"https:\/\/sosuaonline.net\/inicio\/wp-content\/uploads\/2020\/10\/f.jpg\" src=\"http:\/\/sosuaonline.net\/inicio\/wp-content\/uploads\/2020\/10\/f.jpg\" alt=\"\" class=\"wp-image-79501\" \/><\/figure><\/div>\n\n\n\n<p>El pr\u00f3ximo lunes 02 de noviembre comienza un nuevo a\u00f1o escolar en Rep\u00fablica Dominicana lleno de retos y de una forma nunca antes vista. Esto tiene nerviosos a los estudiantes, padres, maestros e incluso el ministro de Educaci\u00f3n, Roberto Fulcar.<\/p>\n\n\n\n<p>Sin embargo, el ministro est\u00e1 convencido de que todo est\u00e1 preparado para que el a\u00f1o sea exitoso y de que a partir del lunes toda la poblaci\u00f3n estudiantil se integrar\u00e1 a escuela. &nbsp;&nbsp;&nbsp;<\/p>\n\n\n\n<p>\u201cQuiero decirles que est\u00e9n tranquilos, a los padres y a las madres,&nbsp;<strong>el que tiene un poquito de nervios que no se preocupe que yo los tengo tambi\u00e9n<\/strong>, yo estoy aprendiendo tambi\u00e9n en esto pero yo les aseguro que nos va a ir muy bien. El lunes todos a clase\u201d, admiti\u00f3 el ministro durante una entrevista en el programa matutino Hoy Mismo, que se transmite pro el canal 9.<\/p>\n\n\n\n<p><strong>\u00bfC\u00f3mo ser\u00e1?<\/strong><\/p>\n\n\n\n<p>El ministro explic\u00f3 que la primera semana ser\u00e1 de inducci\u00f3n para explicarles a las familias c\u00f3mo ser\u00e1 el proceso. Indic\u00f3 que tambi\u00e9n en esta semana se estar\u00e1 entregando a los profesores y a los padres o tutores los cuadernillos o gu\u00edas explicativas con los pasos a seguir porque todos deben recibir entrenamiento. &nbsp;&nbsp;&nbsp;<\/p>\n\n\n\n<p>Las clases se transmitir\u00e1n por radio, televisi\u00f3n e internet. Destac\u00f3 que participar\u00e1n m\u00e1s de cien emisoras y todos los canales de televisi\u00f3n para dar cobertura en todo el territorio nacional.<\/p>\n\n\n\n<p><strong>Habr\u00e1 un canal para cada grado y las clases se van a repetir dos o tres veces al d\u00eda.<\/strong><\/p>\n\n\n\n<p>\u201cTodos los estudiantes van a tener acceso a la educaci\u00f3n por uno o por otro medio\u201d, garantiz\u00f3.<\/p>\n\n\n\n<p>Explic\u00f3 que&nbsp;<strong>los estudiantes de bachillerato recibir\u00e1n tres horas de clase y los dem\u00e1s alrededor de hora y media&nbsp;<\/strong>porque los ni\u00f1os no se pueden saturar.<\/p>\n\n\n\n<p>Dijo que&nbsp;<strong>las clases ser\u00e1n divertidas, que tendr\u00e1n muchos juegos<\/strong>&nbsp;y que adicionalmente a las cuatro asignaturas b\u00e1sicas se impartir\u00e1n unas 25 c\u00e1tedras sobre valores, deportes, etc. Destac\u00f3 que el curr\u00edculo ha sido simplificado.<\/p>\n\n\n\n<p>Indic\u00f3 que entre clase y clase ir\u00e1n pasando c\u00e1psulas educativas sobre esas materias adicionales.<\/p>\n\n\n\n<p><strong>\u00bfC\u00f3mo deben tomar las clases?<\/strong><\/p>\n\n\n\n<p>El ministro explic\u00f3 que los estudiantes no deben recibir las clases sentados en la cama, ni mientras est\u00e9n comiendo y que no deben tener distracciones a su lado.&nbsp;<strong>No es necesario que usen el uniforme.<\/strong><\/p>\n\n\n\n<p>\u201cNo van a tener que estar uniformados, si tiene su uniforme mejor, pero no lo vamos a exigir. No es necesario, pero s\u00ed que est\u00e9n formalmente vestidos, sentados en su silla adecuadamente y que no tengan distracciones\u201d, precis\u00f3.<\/p>\n\n\n\n<p><strong>Evaluaci\u00f3n<\/strong><\/p>\n\n\n\n<p>Respecto a c\u00f3mo ser\u00e1n evaluados los estudiantes dijo que los profesores les dar\u00e1n seguimiento a trav\u00e9s de grupos de WhatsApp o ellos o sus padres podr\u00e1n ir a entregar las asignaciones personalmente.<\/p>\n\n\n\n<p><strong>Alimentaci\u00f3n<\/strong><\/p>\n\n\n\n<p>En cuanto a las raciones alimenticias que reciben los alumnos Fulcar precis\u00f3 que&nbsp;<strong>s\u00f3lo se entregar\u00e1n alimentos crudos<\/strong>. Ser\u00e1n entregados semanalmente en los centros educativos. Destac\u00f3 que se dar\u00e1 prioridad a los productos nacionales.<\/p>\n","protected":false},"excerpt":{"rendered":"<p>El pr\u00f3ximo lunes 02 de noviembre comienza un nuevo a\u00f1o escolar en Rep\u00fablica Dominicana lleno de retos y de una forma nunca antes vista. Esto tiene nerviosos a los estudiantes, padres, maestros e incluso el ministro de Educaci\u00f3n, Roberto Fulcar. Sin embargo, el ministro est\u00e1 convencido de que todo est\u00e1 preparado para que el a\u00f1o sea exitoso y de que a partir del lunes toda la poblaci\u00f3n estudiantil se integrar\u00e1 a escuela. &nbsp;&nbsp;&nbsp; \u201cQuiero decirles que est\u00e9n tranquilos, a los padres y a las madres,&nbsp;el que tiene un poquito de nervios que no se preocupe que yo los tengo tambi\u00e9n, yo estoy aprendiendo tambi\u00e9n en esto pero yo les aseguro que nos va a ir muy bien. El lunes todos a clase\u201d, admiti\u00f3 el ministro durante una entrevista en el programa matutino Hoy Mismo, que se transmite pro el canal 9. \u00bfC\u00f3mo ser\u00e1? El ministro explic\u00f3 que la primera semana ser\u00e1 de inducci\u00f3n para explicarles a las familias c\u00f3mo ser\u00e1 el proceso. Indic\u00f3 que tambi\u00e9n en esta semana se estar\u00e1 entregando a los profesores y a los padres o tutores los cuadernillos o gu\u00edas explicativas con los pasos a seguir porque todos deben recibir entrenamiento. &nbsp;&nbsp;&nbsp; Las clases se transmitir\u00e1n por radio, televisi\u00f3n e internet. Destac\u00f3 que participar\u00e1n m\u00e1s de cien emisoras y todos los canales de televisi\u00f3n para dar cobertura en todo el territorio nacional. Habr\u00e1 un canal para cada grado y las clases se van a repetir dos o tres veces al d\u00eda. \u201cTodos los estudiantes van a tener acceso a la educaci\u00f3n por uno o por otro medio\u201d, garantiz\u00f3. Explic\u00f3 que&nbsp;los estudiantes de bachillerato recibir\u00e1n tres horas de clase y los dem\u00e1s alrededor de hora y media&nbsp;porque los ni\u00f1os no se pueden saturar. Dijo que&nbsp;las clases ser\u00e1n divertidas, que tendr\u00e1n muchos juegos&nbsp;y que adicionalmente a las cuatro asignaturas b\u00e1sicas se impartir\u00e1n unas 25 c\u00e1tedras sobre valores, deportes, etc. Destac\u00f3 que el curr\u00edculo ha sido simplificado. Indic\u00f3 que entre clase y clase ir\u00e1n pasando c\u00e1psulas educativas sobre esas materias adicionales. \u00bfC\u00f3mo deben tomar las clases? El ministro explic\u00f3 que los estudiantes no deben recibir las clases sentados en la cama, ni mientras est\u00e9n comiendo y que no deben tener distracciones a su lado.&nbsp;No es necesario que usen el uniforme. \u201cNo van a tener que estar uniformados, si tiene su uniforme mejor, pero no lo vamos a exigir. No es necesario, pero s\u00ed que est\u00e9n formalmente vestidos, sentados en su silla adecuadamente y que no tengan distracciones\u201d, precis\u00f3. Evaluaci\u00f3n Respecto a c\u00f3mo ser\u00e1n evaluados los estudiantes dijo que los profesores les dar\u00e1n seguimiento a trav\u00e9s de grupos de WhatsApp o ellos o sus padres podr\u00e1n ir a entregar las asignaciones personalmente. Alimentaci\u00f3n En cuanto a las raciones alimenticias que reciben los alumnos Fulcar precis\u00f3 que&nbsp;s\u00f3lo se entregar\u00e1n alimentos crudos. Ser\u00e1n entregados semanalmente en los centros educativos. Destac\u00f3 que se dar\u00e1 prioridad a los productos nacionales.<\/p>\n","protected":false},"author":9,"featured_media":79501,"comment_status":"closed","ping_status":"closed","sticky":false,"template":"","format":"standard","meta":{"advanced_seo_description":"","jetpack_seo_html_title":"","jetpack_seo_noindex":false,"_jetpack_memberships_contains_paid_content":false,"footnotes":"","jetpack_publicize_message":"","jetpack_publicize_feature_enabled":true,"jetpack_social_post_already_shared":true,"jetpack_social_options":{"image_generator_settings":{"template":"highway","default_image_id":0,"font":"","enabled":false},"version":2}},"categories":[459],"tags":[],"class_list":["post-79500","post","type-post","status-publish","format-standard","has-post-thumbnail","hentry","category-educacion"],"jetpack_publicize_connections":[],"jetpack_featured_media_url":"https:\/\/sosuaonline.net\/inicio\/wp-content\/uploads\/2020\/10\/f.jpg","jetpack_sharing_enabled":true,"_links":{"self":[{"href":"https:\/\/sosuaonline.net\/inicio\/wp-json\/wp\/v2\/posts\/79500","targetHints":{"allow":["GET"]}}],"collection":[{"href":"https:\/\/sosuaonline.net\/inicio\/wp-json\/wp\/v2\/posts"}],"about":[{"href":"https:\/\/sosuaonline.net\/inicio\/wp-json\/wp\/v2\/types\/post"}],"author":[{"embeddable":true,"href":"https:\/\/sosuaonline.net\/inicio\/wp-json\/wp\/v2\/users\/9"}],"replies":[{"embeddable":true,"href":"https:\/\/sosuaonline.net\/inicio\/wp-json\/wp\/v2\/comments?post=79500"}],"version-history":[{"count":1,"href":"https:\/\/sosuaonline.net\/inicio\/wp-json\/wp\/v2\/posts\/79500\/revisions"}],"predecessor-version":[{"id":79502,"href":"https:\/\/sosuaonline.net\/inicio\/wp-json\/wp\/v2\/posts\/79500\/revisions\/79502"}],"wp:featuredmedia":[{"embeddable":true,"href":"https:\/\/sosuaonline.net\/inicio\/wp-json\/wp\/v2\/media\/79501"}],"wp:attachment":[{"href":"https:\/\/sosuaonline.net\/inicio\/wp-json\/wp\/v2\/media?parent=79500"}],"wp:term":[{"taxonomy":"category","embeddable":true,"href":"https:\/\/sosuaonline.net\/inicio\/wp-json\/wp\/v2\/categories?post=79500"},{"taxonomy":"post_tag","embeddable":true,"href":"https:\/\/sosuaonline.net\/inicio\/wp-json\/wp\/v2\/tags?post=79500"}],"curies":[{"name":"wp","href":"https:\/\/api.w.org\/{rel}","templated":true}]}}