{"id":85930,"date":"2022-09-17T06:52:33","date_gmt":"2022-09-17T10:52:33","guid":{"rendered":"http:\/\/sosuaonline.net\/inicio\/?p=85930"},"modified":"2022-09-17T06:52:34","modified_gmt":"2022-09-17T10:52:34","slug":"posponen-el-inicio-del-ano-escolar-debido-al-paso-de-tormenta-fiona","status":"publish","type":"post","link":"https:\/\/sosuaonline.net\/inicio\/posponen-el-inicio-del-ano-escolar-debido-al-paso-de-tormenta-fiona\/","title":{"rendered":"Posponen el inicio del a\u00f1o escolar debido al paso de tormenta Fiona"},"content":{"rendered":"\n<div class=\"wp-block-image\"><figure class=\"alignleft size-large is-resized\"><img loading=\"lazy\" decoding=\"async\" data-attachment-id=\"85931\" data-permalink=\"https:\/\/sosuaonline.net\/inicio\/posponen-el-inicio-del-ano-escolar-debido-al-paso-de-tormenta-fiona\/fachada-del-ministerio-de-educacion-foto-minerd-190520-1024x627-1\/\" data-orig-file=\"https:\/\/sosuaonline.net\/inicio\/wp-content\/uploads\/2022\/09\/fachada-del-ministerio-de-educacion-foto-minerd-190520-1024x627-1.jpg\" data-orig-size=\"1024,548\" data-comments-opened=\"0\" data-image-meta=\"{&quot;aperture&quot;:&quot;0&quot;,&quot;credit&quot;:&quot;&quot;,&quot;camera&quot;:&quot;&quot;,&quot;caption&quot;:&quot;&quot;,&quot;created_timestamp&quot;:&quot;0&quot;,&quot;copyright&quot;:&quot;&quot;,&quot;focal_length&quot;:&quot;0&quot;,&quot;iso&quot;:&quot;0&quot;,&quot;shutter_speed&quot;:&quot;0&quot;,&quot;title&quot;:&quot;&quot;,&quot;orientation&quot;:&quot;0&quot;}\" data-image-title=\"fachada-del-ministerio-de-educacion-foto-minerd-190520-1024&amp;#215;627-1\" data-image-description=\"\" data-image-caption=\"\" data-medium-file=\"https:\/\/sosuaonline.net\/inicio\/wp-content\/uploads\/2022\/09\/fachada-del-ministerio-de-educacion-foto-minerd-190520-1024x627-1-300x161.jpg\" data-large-file=\"https:\/\/sosuaonline.net\/inicio\/wp-content\/uploads\/2022\/09\/fachada-del-ministerio-de-educacion-foto-minerd-190520-1024x627-1.jpg\" src=\"http:\/\/sosuaonline.net\/inicio\/wp-content\/uploads\/2022\/09\/fachada-del-ministerio-de-educacion-foto-minerd-190520-1024x627-1.jpg\" alt=\"\" class=\"wp-image-85931\" width=\"223\" height=\"119\" srcset=\"https:\/\/sosuaonline.net\/inicio\/wp-content\/uploads\/2022\/09\/fachada-del-ministerio-de-educacion-foto-minerd-190520-1024x627-1.jpg 1024w, https:\/\/sosuaonline.net\/inicio\/wp-content\/uploads\/2022\/09\/fachada-del-ministerio-de-educacion-foto-minerd-190520-1024x627-1-300x161.jpg 300w, https:\/\/sosuaonline.net\/inicio\/wp-content\/uploads\/2022\/09\/fachada-del-ministerio-de-educacion-foto-minerd-190520-1024x627-1-768x411.jpg 768w\" sizes=\"auto, (max-width: 223px) 100vw, 223px\" \/><\/figure><\/div>\n\n\n\n<p>SANTO DOMINGO.- El Ministerio de Educaci\u00f3n (Minerd) anunci\u00f3 este viernes que la apertura del a\u00f1o escolar 2022-2023 ha sido aplazada hasta el mi\u00e9rcoles venidero como \u00abprevisi\u00f3n\u00bb ante el paso de la tormenta tropical Fiona, que se pronostica tocar\u00e1 el territorio nacional el lunes 19 de este mes.<\/p>\n\n\n\n<p>El organismo dijo en un comunicado que la decisi\u00f3n de aplazar la apertura del a\u00f1o escolar, prevista para el lunes d\u00eda 19, se adopt\u00f3 por recomendaciones de la Oficina Nacional de Meteorolog\u00eda (Onamet) y el Centro de Operaciones de Emergencia (COE), que mantienen un seguimiento permanente del fen\u00f3meno meteorol\u00f3gico.<\/p>\n\n\n\n<p>\u00abEn la sede central del Ministerio de Educaci\u00f3n as\u00ed como en las 18 direcciones regionales y 122 distritos educativos continuamos trabajando para la apertura de las clases con m\u00e1s entusiasmo a\u00fan, pues se han tomado todas las previsiones con miras a un inicio de docencia exitoso\u00bb, asegur\u00f3.<\/p>\n\n\n\n<p>Exhort\u00f3 a los padres y tutores de ni\u00f1os que no hayan encontrado cupos en las escuelas p\u00fablicas a acercarse a los distritos educativos de sus respectivas demarcaciones, a fin de inscribirlos en colegios y garantizarles as\u00ed que no se queden fuera de las aulas.<\/p>\n\n\n\n<p><strong>INAUGURACI\u00d3N DE 14 PLANTELES<\/strong><\/p>\n\n\n\n<p>Se tiene previsto que, en el acto de apertura del pr\u00f3ximo a\u00f1o escolar, se inauguren 14 planteles y se entregue el dispositivo electr\u00f3nico (tabletas) dos millones.<\/p>\n\n\n\n<p>La posposici\u00f3n del inicio del a\u00f1o escolar fue solicitada este viernes por el Centro de Operaciones de Emergencias (COE) debido a los efectos que se espera cause la tormenta tropical Fiona.<\/p>\n","protected":false},"excerpt":{"rendered":"<p>SANTO DOMINGO.- El Ministerio de Educaci\u00f3n (Minerd) anunci\u00f3 este viernes que la apertura del a\u00f1o escolar 2022-2023 ha sido aplazada hasta el mi\u00e9rcoles venidero como \u00abprevisi\u00f3n\u00bb ante el paso de la tormenta tropical Fiona, que se pronostica tocar\u00e1 el territorio nacional el lunes 19 de este mes. El organismo dijo en un comunicado que la decisi\u00f3n de aplazar la apertura del a\u00f1o escolar, prevista para el lunes d\u00eda 19, se adopt\u00f3 por recomendaciones de la Oficina Nacional de Meteorolog\u00eda (Onamet) y el Centro de Operaciones de Emergencia (COE), que mantienen un seguimiento permanente del fen\u00f3meno meteorol\u00f3gico. \u00abEn la sede central del Ministerio de Educaci\u00f3n as\u00ed como en las 18 direcciones regionales y 122 distritos educativos continuamos trabajando para la apertura de las clases con m\u00e1s entusiasmo a\u00fan, pues se han tomado todas las previsiones con miras a un inicio de docencia exitoso\u00bb, asegur\u00f3. Exhort\u00f3 a los padres y tutores de ni\u00f1os que no hayan encontrado cupos en las escuelas p\u00fablicas a acercarse a los distritos educativos de sus respectivas demarcaciones, a fin de inscribirlos en colegios y garantizarles as\u00ed que no se queden fuera de las aulas. INAUGURACI\u00d3N DE 14 PLANTELES Se tiene previsto que, en el acto de apertura del pr\u00f3ximo a\u00f1o escolar, se inauguren 14 planteles y se entregue el dispositivo electr\u00f3nico (tabletas) dos millones. La posposici\u00f3n del inicio del a\u00f1o escolar fue solicitada este viernes por el Centro de Operaciones de Emergencias (COE) debido a los efectos que se espera cause la tormenta tropical Fiona.<\/p>\n","protected":false},"author":9,"featured_media":85931,"comment_status":"closed","ping_status":"closed","sticky":false,"template":"","format":"standard","meta":{"advanced_seo_description":"","jetpack_seo_html_title":"","jetpack_seo_noindex":false,"_jetpack_memberships_contains_paid_content":false,"footnotes":"","jetpack_publicize_message":"","jetpack_publicize_feature_enabled":true,"jetpack_social_post_already_shared":false,"jetpack_social_options":{"image_generator_settings":{"template":"highway","default_image_id":0,"font":"","enabled":false},"version":2}},"categories":[459],"tags":[],"class_list":["post-85930","post","type-post","status-publish","format-standard","has-post-thumbnail","hentry","category-educacion"],"jetpack_publicize_connections":[],"jetpack_featured_media_url":"https:\/\/sosuaonline.net\/inicio\/wp-content\/uploads\/2022\/09\/fachada-del-ministerio-de-educacion-foto-minerd-190520-1024x627-1.jpg","jetpack_sharing_enabled":true,"_links":{"self":[{"href":"https:\/\/sosuaonline.net\/inicio\/wp-json\/wp\/v2\/posts\/85930","targetHints":{"allow":["GET"]}}],"collection":[{"href":"https:\/\/sosuaonline.net\/inicio\/wp-json\/wp\/v2\/posts"}],"about":[{"href":"https:\/\/sosuaonline.net\/inicio\/wp-json\/wp\/v2\/types\/post"}],"author":[{"embeddable":true,"href":"https:\/\/sosuaonline.net\/inicio\/wp-json\/wp\/v2\/users\/9"}],"replies":[{"embeddable":true,"href":"https:\/\/sosuaonline.net\/inicio\/wp-json\/wp\/v2\/comments?post=85930"}],"version-history":[{"count":1,"href":"https:\/\/sosuaonline.net\/inicio\/wp-json\/wp\/v2\/posts\/85930\/revisions"}],"predecessor-version":[{"id":85932,"href":"https:\/\/sosuaonline.net\/inicio\/wp-json\/wp\/v2\/posts\/85930\/revisions\/85932"}],"wp:featuredmedia":[{"embeddable":true,"href":"https:\/\/sosuaonline.net\/inicio\/wp-json\/wp\/v2\/media\/85931"}],"wp:attachment":[{"href":"https:\/\/sosuaonline.net\/inicio\/wp-json\/wp\/v2\/media?parent=85930"}],"wp:term":[{"taxonomy":"category","embeddable":true,"href":"https:\/\/sosuaonline.net\/inicio\/wp-json\/wp\/v2\/categories?post=85930"},{"taxonomy":"post_tag","embeddable":true,"href":"https:\/\/sosuaonline.net\/inicio\/wp-json\/wp\/v2\/tags?post=85930"}],"curies":[{"name":"wp","href":"https:\/\/api.w.org\/{rel}","templated":true}]}}