{"id":9091,"date":"2014-10-06T05:16:39","date_gmt":"2014-10-06T09:16:39","guid":{"rendered":"http:\/\/sosuaonline.net\/inicio\/?p=9091"},"modified":"2014-10-06T07:40:17","modified_gmt":"2014-10-06T11:40:17","slug":"urbanos-y-calle-13-en-noche-sin-censura","status":"publish","type":"post","link":"https:\/\/sosuaonline.net\/inicio\/urbanos-y-calle-13-en-noche-sin-censura\/","title":{"rendered":"Urbanos y Calle 13 en noche sin censura [VER VIDEO]"},"content":{"rendered":"<p><a href=\"http:\/\/sosuaonline.net\/inicio\/wp-content\/uploads\/2014\/10\/rene-calle-13-con-loma-miranda.jpg\"><img loading=\"lazy\" decoding=\"async\" data-attachment-id=\"9099\" data-permalink=\"https:\/\/sosuaonline.net\/inicio\/urbanos-y-calle-13-en-noche-sin-censura\/rene-calle-13-con-loma-miranda\/\" data-orig-file=\"https:\/\/sosuaonline.net\/inicio\/wp-content\/uploads\/2014\/10\/rene-calle-13-con-loma-miranda.jpg\" data-orig-size=\"300,226\" data-comments-opened=\"0\" data-image-meta=\"{&quot;aperture&quot;:&quot;0&quot;,&quot;credit&quot;:&quot;&quot;,&quot;camera&quot;:&quot;&quot;,&quot;caption&quot;:&quot;&quot;,&quot;created_timestamp&quot;:&quot;0&quot;,&quot;copyright&quot;:&quot;&quot;,&quot;focal_length&quot;:&quot;0&quot;,&quot;iso&quot;:&quot;0&quot;,&quot;shutter_speed&quot;:&quot;0&quot;,&quot;title&quot;:&quot;&quot;,&quot;orientation&quot;:&quot;0&quot;}\" data-image-title=\"rene calle 13 con loma miranda\" data-image-description=\"\" data-image-caption=\"\" data-medium-file=\"https:\/\/sosuaonline.net\/inicio\/wp-content\/uploads\/2014\/10\/rene-calle-13-con-loma-miranda.jpg\" data-large-file=\"https:\/\/sosuaonline.net\/inicio\/wp-content\/uploads\/2014\/10\/rene-calle-13-con-loma-miranda.jpg\" class=\"size-full wp-image-9099 alignleft\" src=\"http:\/\/sosuaonline.net\/inicio\/wp-content\/uploads\/2014\/10\/rene-calle-13-con-loma-miranda.jpg\" alt=\"rene calle 13 con loma miranda\" width=\"300\" height=\"226\" \/><\/a>El pasado viernes, d\u00eda de apertura de la octava versi\u00f3n del Festival Presidente, estuvo amenizado por el g\u00e9nero urbano local y la m\u00fasica electr\u00f3nica, dominada por DJ Ti\u00ebsto, durante una noche salpicada por la denuncia social de la agrupaci\u00f3n puertorrique\u00f1a \u201cCalle 13\u201d, a favor de Loma Miranda.<!--more--><\/p>\n<p>Ren\u00e9 P\u00e9rez, l\u00edder de\u00a0 Calle 13 aprovech\u00f3 su actuaci\u00f3n en el Festival Presidente de Santo Domingo para brindar porque Loma Miranda sea declarada Parque Nacional.<\/p>\n<p>\u201c\u00bfC\u00f3mo est\u00e1 mi gente linda de Rep\u00fablica Dominicana?\u201d, expres\u00f3 ante la multitud que se congreg\u00f3 en el estadio Ol\u00edmpico F\u00e9lix S\u00e1nchez la noche del pasado viernes.<\/p>\n<p>Tras las dos primeras canciones que interpret\u00f3 la agrupaci\u00f3n, los camar\u00f3grafos y fot\u00f3grafos de los distintos medios de comunicaci\u00f3n ten\u00edan que salir del \u00e1rea, pero el cantante pidi\u00f3 a la seguridad que no los sacaran<br \/>\n\u201cNo se lleven a la prensa que ahora es que viene lo bueno, voy a hacer un brindis con ellos y los dominicanos\u2026 vamos a brindar por \u2018El aguante\u2019&#8230; vamos a brindar porque\u00a0 Loma Miranda sea declarado Parque Nacional\u201d, dijo Ren\u00e9 en medio de la euforia colectiva. A la mitad de su actuaci\u00f3n, la banda boricua le dio la oportunidad a un grupo de j\u00f3venes activistas que pidieron a las miles de personas que defiendan el medio ambiente de Rep\u00fablica Dominicana, en especial a Loma Miranda. Durante su actuaci\u00f3n, Ren\u00e9 tambi\u00e9n us\u00f3 una camisa que dec\u00eda \u201cMiranda, parque nacional\u201d.<\/p>\n<p><iframe loading=\"lazy\" src=\"\/\/www.youtube.com\/embed\/oPGsAzwGRpo\" width=\"649\" height=\"369\" frameborder=\"0\" allowfullscreen=\"allowfullscreen\"><\/iframe><\/p>\n<p>Antes de Calle 13, hab\u00edan actuado en el primero de los tres conciertos del Festival Presidente Duck Sauce, Vaker\u00f3, Mozart La Para, Don Miguelo, el Dj Alex Sensation, Faruko, J \u00c1lvarez, entre otros.<\/p>\n<p>Dj Ti\u00ebsto fue la estrella de la noche escogida para cerrar la jornada de ese d\u00eda. El tambi\u00e9n productor musical Neerland\u00e9s ponch\u00f3 durante dos horas tras ser recibido por una antesala de fuegos artificiales que denot\u00f3 en una descarga impresionante. Luces, sonido y excentricidad esc\u00e9nica matizaron la actuaci\u00f3n del Dj m\u00e1s rico y m\u00e1s afamado a nivel mundial l Jos\u00e9 Nova y Diomelo martinez<\/p>\n<p>Ren\u00e9, Calle 13 enfrent\u00f3 varias indirectas On line<\/p>\n<p>Luego de su participaci\u00f3n en el Festival Presidente y tras haber hecho la denuncia social a favor de que Loma Miranda sea declarado Parque Nacional, Ren\u00e9 P\u00e9rez fue acusado, a trav\u00e9s de la red social twitter de aprovechar el escenario como estrategia de mercadeo a lo que P\u00e9rez contest\u00f3 lo siguiente: \u201cLa problem\u00e1tica de Loma Miranda es un asunto ecol\u00f3gico de nuestro planeta, no tiene mapas porque es de todos\u201d, escribi\u00f3 luego de leer la indirecta. &#8211; See more at: http:\/\/www.elcaribe.com.do\/2014\/10\/06\/urbanos-calle-13-noche-sin-censura#sthash.tM61cGxF.dpuf<\/p>\n","protected":false},"excerpt":{"rendered":"<p>El pasado viernes, d\u00eda de apertura de la octava versi\u00f3n del Festival Presidente, estuvo amenizado por el g\u00e9nero urbano local y la m\u00fasica electr\u00f3nica, dominada por DJ Ti\u00ebsto, durante una noche salpicada por la denuncia social de la agrupaci\u00f3n puertorrique\u00f1a \u201cCalle 13\u201d, a favor de Loma Miranda.<\/p>\n","protected":false},"author":3,"featured_media":9099,"comment_status":"closed","ping_status":"closed","sticky":false,"template":"","format":"standard","meta":{"advanced_seo_description":"","jetpack_seo_html_title":"","jetpack_seo_noindex":false,"_jetpack_memberships_contains_paid_content":false,"footnotes":"","jetpack_publicize_message":"","jetpack_publicize_feature_enabled":true,"jetpack_social_post_already_shared":true,"jetpack_social_options":{"image_generator_settings":{"template":"highway","default_image_id":0,"font":"","enabled":false},"version":2}},"categories":[88],"tags":[],"class_list":["post-9091","post","type-post","status-publish","format-standard","has-post-thumbnail","hentry","category-noticias"],"jetpack_publicize_connections":[],"jetpack_featured_media_url":"https:\/\/sosuaonline.net\/inicio\/wp-content\/uploads\/2014\/10\/rene-calle-13-con-loma-miranda.jpg","jetpack_sharing_enabled":true,"_links":{"self":[{"href":"https:\/\/sosuaonline.net\/inicio\/wp-json\/wp\/v2\/posts\/9091","targetHints":{"allow":["GET"]}}],"collection":[{"href":"https:\/\/sosuaonline.net\/inicio\/wp-json\/wp\/v2\/posts"}],"about":[{"href":"https:\/\/sosuaonline.net\/inicio\/wp-json\/wp\/v2\/types\/post"}],"author":[{"embeddable":true,"href":"https:\/\/sosuaonline.net\/inicio\/wp-json\/wp\/v2\/users\/3"}],"replies":[{"embeddable":true,"href":"https:\/\/sosuaonline.net\/inicio\/wp-json\/wp\/v2\/comments?post=9091"}],"version-history":[{"count":3,"href":"https:\/\/sosuaonline.net\/inicio\/wp-json\/wp\/v2\/posts\/9091\/revisions"}],"predecessor-version":[{"id":9110,"href":"https:\/\/sosuaonline.net\/inicio\/wp-json\/wp\/v2\/posts\/9091\/revisions\/9110"}],"wp:featuredmedia":[{"embeddable":true,"href":"https:\/\/sosuaonline.net\/inicio\/wp-json\/wp\/v2\/media\/9099"}],"wp:attachment":[{"href":"https:\/\/sosuaonline.net\/inicio\/wp-json\/wp\/v2\/media?parent=9091"}],"wp:term":[{"taxonomy":"category","embeddable":true,"href":"https:\/\/sosuaonline.net\/inicio\/wp-json\/wp\/v2\/categories?post=9091"},{"taxonomy":"post_tag","embeddable":true,"href":"https:\/\/sosuaonline.net\/inicio\/wp-json\/wp\/v2\/tags?post=9091"}],"curies":[{"name":"wp","href":"https:\/\/api.w.org\/{rel}","templated":true}]}}