{"id":91136,"date":"2023-07-03T08:20:00","date_gmt":"2023-07-03T12:20:00","guid":{"rendered":"http:\/\/sosuaonline.net\/inicio\/?p=91136"},"modified":"2023-07-03T08:20:02","modified_gmt":"2023-07-03T12:20:02","slug":"francia-un-bombero-muerto-y-al-menos-157-detenidos-anoche","status":"publish","type":"post","link":"https:\/\/sosuaonline.net\/inicio\/francia-un-bombero-muerto-y-al-menos-157-detenidos-anoche\/","title":{"rendered":"FRANCIA: Un bombero muerto y al menos 157 detenidos anoche"},"content":{"rendered":"\n<div class=\"wp-block-image\"><figure class=\"alignleft size-large is-resized\"><img loading=\"lazy\" decoding=\"async\" data-attachment-id=\"91137\" data-permalink=\"https:\/\/sosuaonline.net\/inicio\/francia-un-bombero-muerto-y-al-menos-157-detenidos-anoche\/soldados-franceses\/\" data-orig-file=\"https:\/\/sosuaonline.net\/inicio\/wp-content\/uploads\/2023\/07\/Soldados-franceses.jpg\" data-orig-size=\"869,470\" data-comments-opened=\"0\" data-image-meta=\"{&quot;aperture&quot;:&quot;0&quot;,&quot;credit&quot;:&quot;&quot;,&quot;camera&quot;:&quot;&quot;,&quot;caption&quot;:&quot;&quot;,&quot;created_timestamp&quot;:&quot;0&quot;,&quot;copyright&quot;:&quot;&quot;,&quot;focal_length&quot;:&quot;0&quot;,&quot;iso&quot;:&quot;0&quot;,&quot;shutter_speed&quot;:&quot;0&quot;,&quot;title&quot;:&quot;&quot;,&quot;orientation&quot;:&quot;0&quot;}\" data-image-title=\"Soldados-franceses\" data-image-description=\"\" data-image-caption=\"\" data-medium-file=\"https:\/\/sosuaonline.net\/inicio\/wp-content\/uploads\/2023\/07\/Soldados-franceses-300x162.jpg\" data-large-file=\"https:\/\/sosuaonline.net\/inicio\/wp-content\/uploads\/2023\/07\/Soldados-franceses.jpg\" src=\"http:\/\/sosuaonline.net\/inicio\/wp-content\/uploads\/2023\/07\/Soldados-franceses.jpg\" alt=\"\" class=\"wp-image-91137\" width=\"232\" height=\"125\" srcset=\"https:\/\/sosuaonline.net\/inicio\/wp-content\/uploads\/2023\/07\/Soldados-franceses.jpg 869w, https:\/\/sosuaonline.net\/inicio\/wp-content\/uploads\/2023\/07\/Soldados-franceses-300x162.jpg 300w, https:\/\/sosuaonline.net\/inicio\/wp-content\/uploads\/2023\/07\/Soldados-franceses-768x415.jpg 768w, https:\/\/sosuaonline.net\/inicio\/wp-content\/uploads\/2023\/07\/Soldados-franceses-600x325.jpg 600w\" sizes=\"auto, (max-width: 232px) 100vw, 232px\" \/><\/figure><\/div>\n\n\n\n<p>Par\u00eds (EFE).- Al menos 157 personas fueron detenidas en la sexta noche consecutiva de disturbios en Francia y un bombero ha fallecido, de acuerdo con las cifras presentadas este lunes por el Ministerio del Interior, que en cualquier caso muestran que hubo muchos menos incidentes que la precedente.<\/p>\n\n\n\n<p>Un bombero que trabajaba en la extinci\u00f3n de un incendio en un parking de la ciudad de Saint Denis, causado por los disturbios ha muerto, anunci\u00f3 el ministro de Interior, G\u00e9rald Darmanin.<\/p>\n\n\n\n<p>Las fuerzas del orden no dieron cuenta de ning\u00fan otro hecho particularmente grave, como el que se hab\u00eda producido la noche del s\u00e1bado al domingo, cuando hubo un ataque particularmente violento contra la casa del alcalde de la ciudad de L\u2019Ha\u00ff les Roses, en la regi\u00f3n de Par\u00eds.<\/p>\n\n\n\n<p>Desde que empez\u00f3 este estallido por la muerte el pasado martes por un<a rel=\"noreferrer noopener\" href=\"https:\/\/efe.com\/mundo\/2023-07-02\/detenidos-y-policias-heridos-disturbios-francia\/\" target=\"_blank\">\u00a0<\/a>disparo de la polic\u00eda de un joven de 17 a\u00f1o<a rel=\"noreferrer noopener\" href=\"https:\/\/efe.com\/mundo\/2023-07-02\/detenidos-y-policias-heridos-disturbios-francia\/\" target=\"_blank\">s<\/a>\u00a0que se intent\u00f3 saltar un control en la ciudad de Nanterre, junto a Par\u00eds, m\u00e1s de 3.000 personas han sido arrestadas y en 260 casos, seg\u00fan la emisora France Info, deb\u00edan ser juzgadas en comparecencia inmediata.<\/p>\n\n\n\n<p>Por ejemplo, en el Tribunal de Grenoble, que estuvo funcionando con car\u00e1cter excepcional este domingo, se dictaron ya algunas sentencias a varios meses de c\u00e1rcel firme para algunos de esos arrestados.<\/p>\n\n\n\n<p><strong>Concentraciones en todos los ayuntamientos de Francia<\/strong><\/p>\n\n\n\n<p>Este mediod\u00eda est\u00e1n convocadas en toda Francia concentraciones en los ayuntamientos del pa\u00eds en apoyo de los alcaldes despu\u00e9s del ataque del domicilio del primer edil de L\u2019Ha\u00ff les Roses.<\/p>\n\n\n\n<p>El presidente franc\u00e9s, Emmanuel Macron, que ha trastocado totalmente su agenda para consagrarse por entero a la crisis abierta por este estallido social tiene previsto recibir hoy a los presidentes de la Asamblea Nacional y del Senado.<\/p>\n\n\n\n<p>La primera ministra, \u00c9lisabeth Borne, por su parte, ha convocado a los l\u00edderes de los principales partidos pol\u00edticos.<\/p>\n\n\n\n<p>Un bombero que trabajaba en la extinci\u00f3n de un incendio en un parking de la ciudad de Saint Denis, causado por los disturbios ha muerto, anunci\u00f3 el ministro de Interior, G\u00e9rald Darmanin.<\/p>\n\n\n\n<p>En un mensaje en su cuenta de Twitter, el ministro explic\u00f3 que el muerto, que ten\u00eda 24 a\u00f1os, era caporal jefe de la Brigada de Bomberos de Par\u00eds.<\/p>\n\n\n\n<p><strong>M\u00e1s de 800.000 euros en una cuestaci\u00f3n en l\u00ednea para el polic\u00eda que mat\u00f3 al joven Nahel<\/strong><\/p>\n\n\n\n<p>Una cuestaci\u00f3n en l\u00ednea para la defensa del polic\u00eda que el pasado martes mat\u00f3 de un tiro al joven Nahel en Nanterre cuando trataba de saltarse un control en coche, lanzada por una conocida personalidad de la extrema derecha, lleva recaudados m\u00e1s de 800.000 euros.<\/p>\n\n\n\n<p>La iniciativa en la plataforma Gofundme, que lleva por t\u00edtulo \u201cApoyo para la familia del polic\u00eda de Nanterre\u201d, hab\u00eda conseguido esta ma\u00f1ana a las 9.00 de la ma\u00f1ana algo m\u00e1s de 851.000 euros, muy por encima del objetivo inicial de 50.000 euros.<\/p>\n\n\n\n<p><\/p>\n","protected":false},"excerpt":{"rendered":"<p>Par\u00eds (EFE).- Al menos 157 personas fueron detenidas en la sexta noche consecutiva de disturbios en Francia y un bombero ha fallecido, de acuerdo con las cifras presentadas este lunes por el Ministerio del Interior, que en cualquier caso muestran que hubo muchos menos incidentes que la precedente. Un bombero que trabajaba en la extinci\u00f3n de un incendio en un parking de la ciudad de Saint Denis, causado por los disturbios ha muerto, anunci\u00f3 el ministro de Interior, G\u00e9rald Darmanin. Las fuerzas del orden no dieron cuenta de ning\u00fan otro hecho particularmente grave, como el que se hab\u00eda producido la noche del s\u00e1bado al domingo, cuando hubo un ataque particularmente violento contra la casa del alcalde de la ciudad de L\u2019Ha\u00ff les Roses, en la regi\u00f3n de Par\u00eds. Desde que empez\u00f3 este estallido por la muerte el pasado martes por un\u00a0disparo de la polic\u00eda de un joven de 17 a\u00f1os\u00a0que se intent\u00f3 saltar un control en la ciudad de Nanterre, junto a Par\u00eds, m\u00e1s de 3.000 personas han sido arrestadas y en 260 casos, seg\u00fan la emisora France Info, deb\u00edan ser juzgadas en comparecencia inmediata. Por ejemplo, en el Tribunal de Grenoble, que estuvo funcionando con car\u00e1cter excepcional este domingo, se dictaron ya algunas sentencias a varios meses de c\u00e1rcel firme para algunos de esos arrestados. Concentraciones en todos los ayuntamientos de Francia Este mediod\u00eda est\u00e1n convocadas en toda Francia concentraciones en los ayuntamientos del pa\u00eds en apoyo de los alcaldes despu\u00e9s del ataque del domicilio del primer edil de L\u2019Ha\u00ff les Roses. El presidente franc\u00e9s, Emmanuel Macron, que ha trastocado totalmente su agenda para consagrarse por entero a la crisis abierta por este estallido social tiene previsto recibir hoy a los presidentes de la Asamblea Nacional y del Senado. La primera ministra, \u00c9lisabeth Borne, por su parte, ha convocado a los l\u00edderes de los principales partidos pol\u00edticos. Un bombero que trabajaba en la extinci\u00f3n de un incendio en un parking de la ciudad de Saint Denis, causado por los disturbios ha muerto, anunci\u00f3 el ministro de Interior, G\u00e9rald Darmanin. En un mensaje en su cuenta de Twitter, el ministro explic\u00f3 que el muerto, que ten\u00eda 24 a\u00f1os, era caporal jefe de la Brigada de Bomberos de Par\u00eds. M\u00e1s de 800.000 euros en una cuestaci\u00f3n en l\u00ednea para el polic\u00eda que mat\u00f3 al joven Nahel Una cuestaci\u00f3n en l\u00ednea para la defensa del polic\u00eda que el pasado martes mat\u00f3 de un tiro al joven Nahel en Nanterre cuando trataba de saltarse un control en coche, lanzada por una conocida personalidad de la extrema derecha, lleva recaudados m\u00e1s de 800.000 euros. La iniciativa en la plataforma Gofundme, que lleva por t\u00edtulo \u201cApoyo para la familia del polic\u00eda de Nanterre\u201d, hab\u00eda conseguido esta ma\u00f1ana a las 9.00 de la ma\u00f1ana algo m\u00e1s de 851.000 euros, muy por encima del objetivo inicial de 50.000 euros.<\/p>\n","protected":false},"author":9,"featured_media":91137,"comment_status":"closed","ping_status":"closed","sticky":false,"template":"","format":"standard","meta":{"advanced_seo_description":"","jetpack_seo_html_title":"","jetpack_seo_noindex":false,"_jetpack_memberships_contains_paid_content":false,"footnotes":"","jetpack_publicize_message":"","jetpack_publicize_feature_enabled":true,"jetpack_social_post_already_shared":false,"jetpack_social_options":{"image_generator_settings":{"template":"highway","default_image_id":0,"font":"","enabled":false},"version":2}},"categories":[88],"tags":[],"class_list":["post-91136","post","type-post","status-publish","format-standard","has-post-thumbnail","hentry","category-noticias"],"jetpack_publicize_connections":[],"jetpack_featured_media_url":"https:\/\/sosuaonline.net\/inicio\/wp-content\/uploads\/2023\/07\/Soldados-franceses.jpg","jetpack_sharing_enabled":true,"_links":{"self":[{"href":"https:\/\/sosuaonline.net\/inicio\/wp-json\/wp\/v2\/posts\/91136","targetHints":{"allow":["GET"]}}],"collection":[{"href":"https:\/\/sosuaonline.net\/inicio\/wp-json\/wp\/v2\/posts"}],"about":[{"href":"https:\/\/sosuaonline.net\/inicio\/wp-json\/wp\/v2\/types\/post"}],"author":[{"embeddable":true,"href":"https:\/\/sosuaonline.net\/inicio\/wp-json\/wp\/v2\/users\/9"}],"replies":[{"embeddable":true,"href":"https:\/\/sosuaonline.net\/inicio\/wp-json\/wp\/v2\/comments?post=91136"}],"version-history":[{"count":1,"href":"https:\/\/sosuaonline.net\/inicio\/wp-json\/wp\/v2\/posts\/91136\/revisions"}],"predecessor-version":[{"id":91138,"href":"https:\/\/sosuaonline.net\/inicio\/wp-json\/wp\/v2\/posts\/91136\/revisions\/91138"}],"wp:featuredmedia":[{"embeddable":true,"href":"https:\/\/sosuaonline.net\/inicio\/wp-json\/wp\/v2\/media\/91137"}],"wp:attachment":[{"href":"https:\/\/sosuaonline.net\/inicio\/wp-json\/wp\/v2\/media?parent=91136"}],"wp:term":[{"taxonomy":"category","embeddable":true,"href":"https:\/\/sosuaonline.net\/inicio\/wp-json\/wp\/v2\/categories?post=91136"},{"taxonomy":"post_tag","embeddable":true,"href":"https:\/\/sosuaonline.net\/inicio\/wp-json\/wp\/v2\/tags?post=91136"}],"curies":[{"name":"wp","href":"https:\/\/api.w.org\/{rel}","templated":true}]}}