{"id":94612,"date":"2024-02-14T07:42:59","date_gmt":"2024-02-14T11:42:59","guid":{"rendered":"http:\/\/sosuaonline.net\/inicio\/?p=94612"},"modified":"2024-02-14T07:43:00","modified_gmt":"2024-02-14T11:43:00","slug":"liceo-parroquial-san-pablo-apostol-paraliza-docencia","status":"publish","type":"post","link":"https:\/\/sosuaonline.net\/inicio\/liceo-parroquial-san-pablo-apostol-paraliza-docencia\/","title":{"rendered":"Liceo parroquial San Pablo Ap\u00f3stol paraliza docencia"},"content":{"rendered":"\n<div class=\"wp-block-image\"><figure class=\"alignleft size-large is-resized\"><img loading=\"lazy\" decoding=\"async\" data-attachment-id=\"94613\" data-permalink=\"https:\/\/sosuaonline.net\/inicio\/liceo-parroquial-san-pablo-apostol-paraliza-docencia\/65cc18feb740d\/\" data-orig-file=\"https:\/\/sosuaonline.net\/inicio\/wp-content\/uploads\/2024\/02\/65cc18feb740d.jpeg\" data-orig-size=\"800,533\" data-comments-opened=\"0\" data-image-meta=\"{&quot;aperture&quot;:&quot;0&quot;,&quot;credit&quot;:&quot;&quot;,&quot;camera&quot;:&quot;&quot;,&quot;caption&quot;:&quot;&quot;,&quot;created_timestamp&quot;:&quot;0&quot;,&quot;copyright&quot;:&quot;&quot;,&quot;focal_length&quot;:&quot;0&quot;,&quot;iso&quot;:&quot;0&quot;,&quot;shutter_speed&quot;:&quot;0&quot;,&quot;title&quot;:&quot;&quot;,&quot;orientation&quot;:&quot;0&quot;}\" data-image-title=\"65cc18feb740d\" data-image-description=\"\" data-image-caption=\"\" data-medium-file=\"https:\/\/sosuaonline.net\/inicio\/wp-content\/uploads\/2024\/02\/65cc18feb740d-300x200.jpeg\" data-large-file=\"https:\/\/sosuaonline.net\/inicio\/wp-content\/uploads\/2024\/02\/65cc18feb740d.jpeg\" src=\"http:\/\/sosuaonline.net\/inicio\/wp-content\/uploads\/2024\/02\/65cc18feb740d.jpeg\" alt=\"\" class=\"wp-image-94613\" width=\"214\" height=\"142\" srcset=\"https:\/\/sosuaonline.net\/inicio\/wp-content\/uploads\/2024\/02\/65cc18feb740d.jpeg 800w, https:\/\/sosuaonline.net\/inicio\/wp-content\/uploads\/2024\/02\/65cc18feb740d-300x200.jpeg 300w, https:\/\/sosuaonline.net\/inicio\/wp-content\/uploads\/2024\/02\/65cc18feb740d-768x512.jpeg 768w, https:\/\/sosuaonline.net\/inicio\/wp-content\/uploads\/2024\/02\/65cc18feb740d-600x400.jpeg 600w\" sizes=\"auto, (max-width: 214px) 100vw, 214px\" \/><\/figure><\/div>\n\n\n\n<p>Largas promesas de un plantel remodelado y apto para impartir docencia, hoy se han quedado en ba\u00f1os inutilizables, aulas vac\u00edas e indignaci\u00f3n ante la falta de agilidad de las autoridades.<\/p>\n\n\n\n<p>Esa es la situaci\u00f3n por la cual atraviesa el Liceo parroquial San Pablo Ap\u00f3stol, ubicado en el sector la 40 de Cristo Rey, que viene esperando una remodelaci\u00f3n del plantel estudiantil desde junio del pasado a\u00f1o, pero que hasta la fecha la misma no ha sido concluida y el director general del P\u00e1rroco Jos\u00e9 Luis Hern\u00e1ndez ha tomado la decisi\u00f3n de suspender la docencia.<\/p>\n\n\n\n<p>\u201cEstaban saliendo heces fecales por los pasillos, hab\u00eda un mal olor, agua sucia y los varios de los muchachos ten\u00edan que estar brindando el agua para no ensuciarse los pies, se rompi\u00f3 un tubo que viene de la tercera planta y se lo dijimos al Ministerio y a la compa\u00f1\u00eda contratista Cruz Betances, pero no ven\u00edan\u201d, manifest\u00f3 el p\u00e1rroco al relatar la traves\u00eda a la que se han enfrentado.<\/p>\n\n\n\n<p>En junio del a\u00f1o pasado se iniciaron las labores de remodelaci\u00f3n del centro, el cual necesitaba de nuevos ba\u00f1os, reparar filtraciones, pintura y otras remodelaciones. Se ten\u00eda previsto que las mismas concluyeran antes de iniciar el segundo ciclo escolar del a\u00f1o 2023; Sin embargo, esto no sucedi\u00f3 as\u00ed y los docentes y la plantilla estudiantil de alrededor de 1,315 estudiantes continuaron padeciendo vicisitudes hasta que el jueves de la semana pasada hubo que tomar alternativas.<\/p>\n\n\n\n<p>\u201cEse olor estaba tan fuerte el jueves que hicimos una asamblea de profesores para determinar qu\u00e9 hac\u00edamos y todos aprobaron que no se diera clases y pasar a la virtualidad. Este a\u00f1o ha sido tr\u00e1gico, muy dif\u00edcil ustedes han conocido como desde agosto venimos luchando con esto\u201d, afirm\u00f3 el director general del centro.<\/p>\n\n\n\n<p>Esta acci\u00f3n moviliz\u00f3 tanto a la compa\u00f1\u00eda constructora, como a la direcci\u00f3n distrital 1504 y al propio Ministerio de Educaci\u00f3n en la direcci\u00f3n general de mantenimiento de infraestructuras y cada uno acudi\u00f3 con su brigada \u201cse pusieron de acuerdo y le permitieron al ingeniero seguir trabajando, a a pesar de que el plan era quitarle la obra\u201d.<\/p>\n\n\n\n<p>Seg\u00fan Hern\u00e1ndez ante los reclamos de agilidad en la obra ante el Ministerio de Educaci\u00f3n estos le han comunicado que esa instituci\u00f3n no fue la que concedi\u00f3 la licitaci\u00f3n sino que eso vino directamente desde la Presidencia en una comisi\u00f3n que hizo el presidente Luis Abinader para agilizar los trabajos de los centros.<\/p>\n\n\n\n<p>El plantel educativo San Pablo Ap\u00f3stol engloba tres centros de estudio, uno que funciona para el nivel primario, el segundo como Polit\u00e9cnico y el tercero como un liceo. Desde la primera planta se puede observar la situaci\u00f3n de las infraestructuras que llevan en remodelaci\u00f3n alrededor de siete meses. Los ba\u00f1os sin puertas, algunos inodoros varados, escombros esparcidos, polvo y dem\u00e1s instrumentos arrinconados.<\/p>\n\n\n\n<p>\u201cY lo mismo que est\u00e1 pasando aqu\u00ed est\u00e1 pasando en el Fidel Ferrer que tiene el mismo contratista, esa gente no merece que se le otorgue otra contrata, esta escuela se pint\u00f3 en septiembre y m\u00edrala como esta que no lo aparenta, se lo advertimos pero el ingeniero dec\u00eda que s\u00ed que esa pintura era buena, pinto con grietas&#8230;, es una burla todo, un relajo\u201d, indico Hern\u00e1ndez<\/p>\n\n\n\n<p>Fidel Ferrer, ubicado en el ensanche La Fe, es otro centro educativo al que tambi\u00e9n se le intervino para una remodelaci\u00f3n y todav\u00eda est\u00e1n a la espera de que concluyan los trabajos.<\/p>\n\n\n\n<p>\u201cNosotros quisi\u00e9ramos que se arreglara, que se solucionara porque qu\u00e9 ganamos nosotros con tener las clases paralizadas, el ingeniero tiene que agilizar y el ministerio tiene que supervisarlo\u201d, puntualiz\u00f3 el director general.<\/p>\n\n\n\n<p><strong>Entregaran aulas este jueves<\/strong><\/p>\n\n\n\n<p>Ante la celebraci\u00f3n de los comicios municipales el pr\u00f3ximo domingo 18 de febrero el director tiene que entregar el plantel el jueves, ya que en este centro funcionan 18 colegios electorales.<\/p>\n","protected":false},"excerpt":{"rendered":"<p>Largas promesas de un plantel remodelado y apto para impartir docencia, hoy se han quedado en ba\u00f1os inutilizables, aulas vac\u00edas e indignaci\u00f3n ante la falta de agilidad de las autoridades. Esa es la situaci\u00f3n por la cual atraviesa el Liceo parroquial San Pablo Ap\u00f3stol, ubicado en el sector la 40 de Cristo Rey, que viene esperando una remodelaci\u00f3n del plantel estudiantil desde junio del pasado a\u00f1o, pero que hasta la fecha la misma no ha sido concluida y el director general del P\u00e1rroco Jos\u00e9 Luis Hern\u00e1ndez ha tomado la decisi\u00f3n de suspender la docencia. \u201cEstaban saliendo heces fecales por los pasillos, hab\u00eda un mal olor, agua sucia y los varios de los muchachos ten\u00edan que estar brindando el agua para no ensuciarse los pies, se rompi\u00f3 un tubo que viene de la tercera planta y se lo dijimos al Ministerio y a la compa\u00f1\u00eda contratista Cruz Betances, pero no ven\u00edan\u201d, manifest\u00f3 el p\u00e1rroco al relatar la traves\u00eda a la que se han enfrentado. En junio del a\u00f1o pasado se iniciaron las labores de remodelaci\u00f3n del centro, el cual necesitaba de nuevos ba\u00f1os, reparar filtraciones, pintura y otras remodelaciones. Se ten\u00eda previsto que las mismas concluyeran antes de iniciar el segundo ciclo escolar del a\u00f1o 2023; Sin embargo, esto no sucedi\u00f3 as\u00ed y los docentes y la plantilla estudiantil de alrededor de 1,315 estudiantes continuaron padeciendo vicisitudes hasta que el jueves de la semana pasada hubo que tomar alternativas. \u201cEse olor estaba tan fuerte el jueves que hicimos una asamblea de profesores para determinar qu\u00e9 hac\u00edamos y todos aprobaron que no se diera clases y pasar a la virtualidad. Este a\u00f1o ha sido tr\u00e1gico, muy dif\u00edcil ustedes han conocido como desde agosto venimos luchando con esto\u201d, afirm\u00f3 el director general del centro. Esta acci\u00f3n moviliz\u00f3 tanto a la compa\u00f1\u00eda constructora, como a la direcci\u00f3n distrital 1504 y al propio Ministerio de Educaci\u00f3n en la direcci\u00f3n general de mantenimiento de infraestructuras y cada uno acudi\u00f3 con su brigada \u201cse pusieron de acuerdo y le permitieron al ingeniero seguir trabajando, a a pesar de que el plan era quitarle la obra\u201d. Seg\u00fan Hern\u00e1ndez ante los reclamos de agilidad en la obra ante el Ministerio de Educaci\u00f3n estos le han comunicado que esa instituci\u00f3n no fue la que concedi\u00f3 la licitaci\u00f3n sino que eso vino directamente desde la Presidencia en una comisi\u00f3n que hizo el presidente Luis Abinader para agilizar los trabajos de los centros. El plantel educativo San Pablo Ap\u00f3stol engloba tres centros de estudio, uno que funciona para el nivel primario, el segundo como Polit\u00e9cnico y el tercero como un liceo. Desde la primera planta se puede observar la situaci\u00f3n de las infraestructuras que llevan en remodelaci\u00f3n alrededor de siete meses. Los ba\u00f1os sin puertas, algunos inodoros varados, escombros esparcidos, polvo y dem\u00e1s instrumentos arrinconados. \u201cY lo mismo que est\u00e1 pasando aqu\u00ed est\u00e1 pasando en el Fidel Ferrer que tiene el mismo contratista, esa gente no merece que se le otorgue otra contrata, esta escuela se pint\u00f3 en septiembre y m\u00edrala como esta que no lo aparenta, se lo advertimos pero el ingeniero dec\u00eda que s\u00ed que esa pintura era buena, pinto con grietas&#8230;, es una burla todo, un relajo\u201d, indico Hern\u00e1ndez Fidel Ferrer, ubicado en el ensanche La Fe, es otro centro educativo al que tambi\u00e9n se le intervino para una remodelaci\u00f3n y todav\u00eda est\u00e1n a la espera de que concluyan los trabajos. \u201cNosotros quisi\u00e9ramos que se arreglara, que se solucionara porque qu\u00e9 ganamos nosotros con tener las clases paralizadas, el ingeniero tiene que agilizar y el ministerio tiene que supervisarlo\u201d, puntualiz\u00f3 el director general. Entregaran aulas este jueves Ante la celebraci\u00f3n de los comicios municipales el pr\u00f3ximo domingo 18 de febrero el director tiene que entregar el plantel el jueves, ya que en este centro funcionan 18 colegios electorales.<\/p>\n","protected":false},"author":9,"featured_media":94613,"comment_status":"closed","ping_status":"closed","sticky":false,"template":"","format":"standard","meta":{"advanced_seo_description":"","jetpack_seo_html_title":"","jetpack_seo_noindex":false,"_jetpack_memberships_contains_paid_content":false,"footnotes":"","jetpack_publicize_message":"","jetpack_publicize_feature_enabled":true,"jetpack_social_post_already_shared":false,"jetpack_social_options":{"image_generator_settings":{"template":"highway","default_image_id":0,"font":"","enabled":false},"version":2}},"categories":[459],"tags":[],"class_list":["post-94612","post","type-post","status-publish","format-standard","has-post-thumbnail","hentry","category-educacion"],"jetpack_publicize_connections":[],"jetpack_featured_media_url":"https:\/\/sosuaonline.net\/inicio\/wp-content\/uploads\/2024\/02\/65cc18feb740d.jpeg","jetpack_sharing_enabled":true,"_links":{"self":[{"href":"https:\/\/sosuaonline.net\/inicio\/wp-json\/wp\/v2\/posts\/94612","targetHints":{"allow":["GET"]}}],"collection":[{"href":"https:\/\/sosuaonline.net\/inicio\/wp-json\/wp\/v2\/posts"}],"about":[{"href":"https:\/\/sosuaonline.net\/inicio\/wp-json\/wp\/v2\/types\/post"}],"author":[{"embeddable":true,"href":"https:\/\/sosuaonline.net\/inicio\/wp-json\/wp\/v2\/users\/9"}],"replies":[{"embeddable":true,"href":"https:\/\/sosuaonline.net\/inicio\/wp-json\/wp\/v2\/comments?post=94612"}],"version-history":[{"count":1,"href":"https:\/\/sosuaonline.net\/inicio\/wp-json\/wp\/v2\/posts\/94612\/revisions"}],"predecessor-version":[{"id":94614,"href":"https:\/\/sosuaonline.net\/inicio\/wp-json\/wp\/v2\/posts\/94612\/revisions\/94614"}],"wp:featuredmedia":[{"embeddable":true,"href":"https:\/\/sosuaonline.net\/inicio\/wp-json\/wp\/v2\/media\/94613"}],"wp:attachment":[{"href":"https:\/\/sosuaonline.net\/inicio\/wp-json\/wp\/v2\/media?parent=94612"}],"wp:term":[{"taxonomy":"category","embeddable":true,"href":"https:\/\/sosuaonline.net\/inicio\/wp-json\/wp\/v2\/categories?post=94612"},{"taxonomy":"post_tag","embeddable":true,"href":"https:\/\/sosuaonline.net\/inicio\/wp-json\/wp\/v2\/tags?post=94612"}],"curies":[{"name":"wp","href":"https:\/\/api.w.org\/{rel}","templated":true}]}}