{"id":98984,"date":"2024-09-04T07:03:22","date_gmt":"2024-09-04T11:03:22","guid":{"rendered":"http:\/\/sosuaonline.net\/inicio\/?p=98984"},"modified":"2024-09-04T07:03:23","modified_gmt":"2024-09-04T11:03:23","slug":"el-uso-excesivo-del-celular-provoca-dolores-de-cabeza-y-cuello","status":"publish","type":"post","link":"https:\/\/sosuaonline.net\/inicio\/el-uso-excesivo-del-celular-provoca-dolores-de-cabeza-y-cuello\/","title":{"rendered":"El uso excesivo del celular provoca dolores de cabeza y cuello"},"content":{"rendered":"\n<div class=\"wp-block-image\"><figure class=\"alignleft size-large\"><img loading=\"lazy\" decoding=\"async\" width=\"300\" height=\"168\" data-attachment-id=\"98985\" data-permalink=\"https:\/\/sosuaonline.net\/inicio\/el-uso-excesivo-del-celular-provoca-dolores-de-cabeza-y-cuello\/descarga-157\/\" data-orig-file=\"https:\/\/sosuaonline.net\/inicio\/wp-content\/uploads\/2024\/09\/descarga.jpg\" data-orig-size=\"300,168\" data-comments-opened=\"0\" data-image-meta=\"{&quot;aperture&quot;:&quot;0&quot;,&quot;credit&quot;:&quot;&quot;,&quot;camera&quot;:&quot;&quot;,&quot;caption&quot;:&quot;&quot;,&quot;created_timestamp&quot;:&quot;0&quot;,&quot;copyright&quot;:&quot;&quot;,&quot;focal_length&quot;:&quot;0&quot;,&quot;iso&quot;:&quot;0&quot;,&quot;shutter_speed&quot;:&quot;0&quot;,&quot;title&quot;:&quot;&quot;,&quot;orientation&quot;:&quot;0&quot;}\" data-image-title=\"descarga\" data-image-description=\"\" data-image-caption=\"\" data-medium-file=\"https:\/\/sosuaonline.net\/inicio\/wp-content\/uploads\/2024\/09\/descarga.jpg\" data-large-file=\"https:\/\/sosuaonline.net\/inicio\/wp-content\/uploads\/2024\/09\/descarga.jpg\" src=\"http:\/\/sosuaonline.net\/inicio\/wp-content\/uploads\/2024\/09\/descarga.jpg\" alt=\"\" class=\"wp-image-98985\" \/><\/figure><\/div>\n\n\n\n<p>A medida que nos volvemos m\u00e1s dependientes de&nbsp;<strong>los celulares, aumentan los dolores en el cuello y los dolores de cabeza, seg\u00fan una reciente investigaci\u00f3n.<\/strong><\/p>\n\n\n\n<p>Las personas suelen pasar un promedio de tres horas diarias utilizando su celular, ya sea para chatear, enviar correos o navegar en redes sociales, y son las m\u00e1s propensas a sufrir estos malestares. <\/p>\n\n\n\n<p>Aunque los dolores de cabeza y cuello afectan al 100% de la poblaci\u00f3n,&nbsp;<strong>las personas entre 13 y 29 a\u00f1os son las m\u00e1s afectadas, especialmente cuando usan el tel\u00e9fono m\u00f3vil&nbsp;<\/strong>mientras realizan otra actividad.<\/p>\n\n\n\n<p>Estas lesiones est\u00e1n relacionadas principalmente con el env\u00edo de mensajes de texto mientras se camina. La cabeza humana pesa alrededor de 13 libras, pero a medida que el cuello se inclina hacia adelante y hacia abajo, el peso en la columna cervical aumenta de manera proporcional.<\/p>\n\n\n\n<p>Otra dolencia espec\u00edfica del uso continuo del m\u00f3vil se produce en el dedo pulgar. El uso frecuente del pulgar para presionar,&nbsp;<strong>mover o desplazar la pantalla de Instagram, por ejemplo, podr\u00eda causar una condici\u00f3n llamada artritis del pulgar.<\/strong><\/p>\n\n\n\n<p><\/p>\n","protected":false},"excerpt":{"rendered":"<p>A medida que nos volvemos m\u00e1s dependientes de&nbsp;los celulares, aumentan los dolores en el cuello y los dolores de cabeza, seg\u00fan una reciente investigaci\u00f3n. Las personas suelen pasar un promedio de tres horas diarias utilizando su celular, ya sea para chatear, enviar correos o navegar en redes sociales, y son las m\u00e1s propensas a sufrir estos malestares. Aunque los dolores de cabeza y cuello afectan al 100% de la poblaci\u00f3n,&nbsp;las personas entre 13 y 29 a\u00f1os son las m\u00e1s afectadas, especialmente cuando usan el tel\u00e9fono m\u00f3vil&nbsp;mientras realizan otra actividad. Estas lesiones est\u00e1n relacionadas principalmente con el env\u00edo de mensajes de texto mientras se camina. La cabeza humana pesa alrededor de 13 libras, pero a medida que el cuello se inclina hacia adelante y hacia abajo, el peso en la columna cervical aumenta de manera proporcional. Otra dolencia espec\u00edfica del uso continuo del m\u00f3vil se produce en el dedo pulgar. El uso frecuente del pulgar para presionar,&nbsp;mover o desplazar la pantalla de Instagram, por ejemplo, podr\u00eda causar una condici\u00f3n llamada artritis del pulgar.<\/p>\n","protected":false},"author":9,"featured_media":98985,"comment_status":"closed","ping_status":"closed","sticky":false,"template":"","format":"standard","meta":{"advanced_seo_description":"","jetpack_seo_html_title":"","jetpack_seo_noindex":false,"_jetpack_memberships_contains_paid_content":false,"footnotes":"","jetpack_publicize_message":"","jetpack_publicize_feature_enabled":true,"jetpack_social_post_already_shared":false,"jetpack_social_options":{"image_generator_settings":{"template":"highway","default_image_id":0,"font":"","enabled":false},"version":2}},"categories":[6],"tags":[],"class_list":["post-98984","post","type-post","status-publish","format-standard","has-post-thumbnail","hentry","category-salud-bienestar"],"jetpack_publicize_connections":[],"jetpack_featured_media_url":"https:\/\/sosuaonline.net\/inicio\/wp-content\/uploads\/2024\/09\/descarga.jpg","jetpack_sharing_enabled":true,"_links":{"self":[{"href":"https:\/\/sosuaonline.net\/inicio\/wp-json\/wp\/v2\/posts\/98984","targetHints":{"allow":["GET"]}}],"collection":[{"href":"https:\/\/sosuaonline.net\/inicio\/wp-json\/wp\/v2\/posts"}],"about":[{"href":"https:\/\/sosuaonline.net\/inicio\/wp-json\/wp\/v2\/types\/post"}],"author":[{"embeddable":true,"href":"https:\/\/sosuaonline.net\/inicio\/wp-json\/wp\/v2\/users\/9"}],"replies":[{"embeddable":true,"href":"https:\/\/sosuaonline.net\/inicio\/wp-json\/wp\/v2\/comments?post=98984"}],"version-history":[{"count":1,"href":"https:\/\/sosuaonline.net\/inicio\/wp-json\/wp\/v2\/posts\/98984\/revisions"}],"predecessor-version":[{"id":98986,"href":"https:\/\/sosuaonline.net\/inicio\/wp-json\/wp\/v2\/posts\/98984\/revisions\/98986"}],"wp:featuredmedia":[{"embeddable":true,"href":"https:\/\/sosuaonline.net\/inicio\/wp-json\/wp\/v2\/media\/98985"}],"wp:attachment":[{"href":"https:\/\/sosuaonline.net\/inicio\/wp-json\/wp\/v2\/media?parent=98984"}],"wp:term":[{"taxonomy":"category","embeddable":true,"href":"https:\/\/sosuaonline.net\/inicio\/wp-json\/wp\/v2\/categories?post=98984"},{"taxonomy":"post_tag","embeddable":true,"href":"https:\/\/sosuaonline.net\/inicio\/wp-json\/wp\/v2\/tags?post=98984"}],"curies":[{"name":"wp","href":"https:\/\/api.w.org\/{rel}","templated":true}]}}