{"id":99588,"date":"2024-10-09T07:03:23","date_gmt":"2024-10-09T11:03:23","guid":{"rendered":"http:\/\/sosuaonline.net\/inicio\/?p=99588"},"modified":"2024-10-09T07:03:36","modified_gmt":"2024-10-09T11:03:36","slug":"adozona-exhorta-al-gobierno-a-revisar-propuesta-de-gravamen-a-zonas-francas","status":"publish","type":"post","link":"https:\/\/sosuaonline.net\/inicio\/adozona-exhorta-al-gobierno-a-revisar-propuesta-de-gravamen-a-zonas-francas\/","title":{"rendered":"ADOZONA exhorta al Gobierno a revisar propuesta de gravamen a zonas francas"},"content":{"rendered":"\n<div class=\"wp-block-image\"><figure class=\"alignleft size-large\"><img loading=\"lazy\" decoding=\"async\" width=\"318\" height=\"202\" data-attachment-id=\"99589\" data-permalink=\"https:\/\/sosuaonline.net\/inicio\/adozona-exhorta-al-gobierno-a-revisar-propuesta-de-gravamen-a-zonas-francas\/sonaf\/\" data-orig-file=\"https:\/\/sosuaonline.net\/inicio\/wp-content\/uploads\/2024\/10\/sonaf.jpg\" data-orig-size=\"318,202\" data-comments-opened=\"0\" data-image-meta=\"{&quot;aperture&quot;:&quot;0&quot;,&quot;credit&quot;:&quot;&quot;,&quot;camera&quot;:&quot;&quot;,&quot;caption&quot;:&quot;&quot;,&quot;created_timestamp&quot;:&quot;0&quot;,&quot;copyright&quot;:&quot;&quot;,&quot;focal_length&quot;:&quot;0&quot;,&quot;iso&quot;:&quot;0&quot;,&quot;shutter_speed&quot;:&quot;0&quot;,&quot;title&quot;:&quot;&quot;,&quot;orientation&quot;:&quot;0&quot;}\" data-image-title=\"sonaf\" data-image-description=\"\" data-image-caption=\"\" data-medium-file=\"https:\/\/sosuaonline.net\/inicio\/wp-content\/uploads\/2024\/10\/sonaf-300x191.jpg\" data-large-file=\"https:\/\/sosuaonline.net\/inicio\/wp-content\/uploads\/2024\/10\/sonaf.jpg\" src=\"http:\/\/sosuaonline.net\/inicio\/wp-content\/uploads\/2024\/10\/sonaf.jpg\" alt=\"\" class=\"wp-image-99589\" srcset=\"https:\/\/sosuaonline.net\/inicio\/wp-content\/uploads\/2024\/10\/sonaf.jpg 318w, https:\/\/sosuaonline.net\/inicio\/wp-content\/uploads\/2024\/10\/sonaf-300x191.jpg 300w\" sizes=\"auto, (max-width: 318px) 100vw, 318px\" \/><\/figure><\/div>\n\n\n\n<p>Santo Domingo.- La Asociaci\u00f3n Dominicana de Zonas Francas (ADOZONA) exhort\u00f3 al Gobierno  a revisar la propuesta de gravar con impuesto sobre la renta las operaciones de los parques de zonas francas que operan en el pa\u00eds.<\/p>\n\n\n\n<p>\u201cDesde ADOZONA reconocemos la necesidad que tiene el Estado de tener una mayor recaudaci\u00f3n para poder hacer m\u00e1s y mejores inversiones para la naci\u00f3n; no obstante, en lo que respecta a la propuesta de gravar con impuesto sobre la renta a las operaciones de los Parques de Zonas Francas, consideramos que esto debe de ser revisado\u201d, inform\u00f3 la entidad en un comunicado.<\/p>\n\n\n\n<p>Alegan que el modelo de zonas francas es equivalente en todos los pa\u00edses de la regi\u00f3n DR CAFTA con los cuales compiten, y que en ninguna naci\u00f3n existe una figura tributaria como la que se est\u00e1 proponiendo, \u201clo que nos resta competitividad\u201d. <\/p>\n\n\n\n<p>\u201cNuestros Parques de Zonas Francas est\u00e1n pr\u00e1cticamente llenos, y lo que necesitamos es crear m\u00e1s parques y construir m\u00e1s techo industrial, por lo que si restamos competitividad a los parques de zonas francas no tendremos c\u00f3mo crecer y atraer m\u00e1s inversiones, y a la vez generar m\u00e1s empleos y beneficios para la comunidad. Confiamos en que esto pueda ser revisado\u201d, concluy\u00f3.<\/p>\n\n\n\n<p>La propuesta de eliminar las exoneraciones a las zonas francas fue presentada ayer por el Gobierno dominicano, que present\u00f3 su proyecto de Modernizaci\u00f3n Fiscal en la conferencia de prensa LA Semanal, encabezada por el presidente Luis Abinader.<\/p>\n","protected":false},"excerpt":{"rendered":"<p>Santo Domingo.- La Asociaci\u00f3n Dominicana de Zonas Francas (ADOZONA) exhort\u00f3 al Gobierno a revisar la propuesta de gravar con impuesto sobre la renta las operaciones de los parques de zonas francas que operan en el pa\u00eds. \u201cDesde ADOZONA reconocemos la necesidad que tiene el Estado de tener una mayor recaudaci\u00f3n para poder hacer m\u00e1s y mejores inversiones para la naci\u00f3n; no obstante, en lo que respecta a la propuesta de gravar con impuesto sobre la renta a las operaciones de los Parques de Zonas Francas, consideramos que esto debe de ser revisado\u201d, inform\u00f3 la entidad en un comunicado. Alegan que el modelo de zonas francas es equivalente en todos los pa\u00edses de la regi\u00f3n DR CAFTA con los cuales compiten, y que en ninguna naci\u00f3n existe una figura tributaria como la que se est\u00e1 proponiendo, \u201clo que nos resta competitividad\u201d. \u201cNuestros Parques de Zonas Francas est\u00e1n pr\u00e1cticamente llenos, y lo que necesitamos es crear m\u00e1s parques y construir m\u00e1s techo industrial, por lo que si restamos competitividad a los parques de zonas francas no tendremos c\u00f3mo crecer y atraer m\u00e1s inversiones, y a la vez generar m\u00e1s empleos y beneficios para la comunidad. Confiamos en que esto pueda ser revisado\u201d, concluy\u00f3. La propuesta de eliminar las exoneraciones a las zonas francas fue presentada ayer por el Gobierno dominicano, que present\u00f3 su proyecto de Modernizaci\u00f3n Fiscal en la conferencia de prensa LA Semanal, encabezada por el presidente Luis Abinader.<\/p>\n","protected":false},"author":9,"featured_media":99589,"comment_status":"closed","ping_status":"closed","sticky":false,"template":"","format":"standard","meta":{"advanced_seo_description":"","jetpack_seo_html_title":"","jetpack_seo_noindex":false,"_jetpack_memberships_contains_paid_content":false,"footnotes":"","jetpack_publicize_message":"","jetpack_publicize_feature_enabled":true,"jetpack_social_post_already_shared":false,"jetpack_social_options":{"image_generator_settings":{"template":"highway","default_image_id":0,"font":"","enabled":false},"version":2}},"categories":[88],"tags":[],"class_list":["post-99588","post","type-post","status-publish","format-standard","has-post-thumbnail","hentry","category-noticias"],"jetpack_publicize_connections":[],"jetpack_featured_media_url":"https:\/\/sosuaonline.net\/inicio\/wp-content\/uploads\/2024\/10\/sonaf.jpg","jetpack_sharing_enabled":true,"_links":{"self":[{"href":"https:\/\/sosuaonline.net\/inicio\/wp-json\/wp\/v2\/posts\/99588","targetHints":{"allow":["GET"]}}],"collection":[{"href":"https:\/\/sosuaonline.net\/inicio\/wp-json\/wp\/v2\/posts"}],"about":[{"href":"https:\/\/sosuaonline.net\/inicio\/wp-json\/wp\/v2\/types\/post"}],"author":[{"embeddable":true,"href":"https:\/\/sosuaonline.net\/inicio\/wp-json\/wp\/v2\/users\/9"}],"replies":[{"embeddable":true,"href":"https:\/\/sosuaonline.net\/inicio\/wp-json\/wp\/v2\/comments?post=99588"}],"version-history":[{"count":1,"href":"https:\/\/sosuaonline.net\/inicio\/wp-json\/wp\/v2\/posts\/99588\/revisions"}],"predecessor-version":[{"id":99590,"href":"https:\/\/sosuaonline.net\/inicio\/wp-json\/wp\/v2\/posts\/99588\/revisions\/99590"}],"wp:featuredmedia":[{"embeddable":true,"href":"https:\/\/sosuaonline.net\/inicio\/wp-json\/wp\/v2\/media\/99589"}],"wp:attachment":[{"href":"https:\/\/sosuaonline.net\/inicio\/wp-json\/wp\/v2\/media?parent=99588"}],"wp:term":[{"taxonomy":"category","embeddable":true,"href":"https:\/\/sosuaonline.net\/inicio\/wp-json\/wp\/v2\/categories?post=99588"},{"taxonomy":"post_tag","embeddable":true,"href":"https:\/\/sosuaonline.net\/inicio\/wp-json\/wp\/v2\/tags?post=99588"}],"curies":[{"name":"wp","href":"https:\/\/api.w.org\/{rel}","templated":true}]}}