{"id":99591,"date":"2024-10-09T07:07:33","date_gmt":"2024-10-09T11:07:33","guid":{"rendered":"http:\/\/sosuaonline.net\/inicio\/?p=99591"},"modified":"2024-10-09T07:07:37","modified_gmt":"2024-10-09T11:07:37","slug":"que-implica-el-embarazo-sintomas-cuidados-y-etapas-del-desarrollo-fetal","status":"publish","type":"post","link":"https:\/\/sosuaonline.net\/inicio\/que-implica-el-embarazo-sintomas-cuidados-y-etapas-del-desarrollo-fetal\/","title":{"rendered":"Qu\u00e9 implica el embarazo; s\u00edntomas, cuidados y etapas del desarrollo fetal"},"content":{"rendered":"\n<div class=\"wp-block-image\"><figure class=\"alignleft size-large\"><img loading=\"lazy\" decoding=\"async\" width=\"275\" height=\"183\" data-attachment-id=\"99592\" data-permalink=\"https:\/\/sosuaonline.net\/inicio\/que-implica-el-embarazo-sintomas-cuidados-y-etapas-del-desarrollo-fetal\/images-39\/\" data-orig-file=\"https:\/\/sosuaonline.net\/inicio\/wp-content\/uploads\/2024\/10\/images.jpg\" data-orig-size=\"275,183\" data-comments-opened=\"0\" data-image-meta=\"{&quot;aperture&quot;:&quot;0&quot;,&quot;credit&quot;:&quot;&quot;,&quot;camera&quot;:&quot;&quot;,&quot;caption&quot;:&quot;&quot;,&quot;created_timestamp&quot;:&quot;0&quot;,&quot;copyright&quot;:&quot;&quot;,&quot;focal_length&quot;:&quot;0&quot;,&quot;iso&quot;:&quot;0&quot;,&quot;shutter_speed&quot;:&quot;0&quot;,&quot;title&quot;:&quot;&quot;,&quot;orientation&quot;:&quot;0&quot;}\" data-image-title=\"images\" data-image-description=\"\" data-image-caption=\"\" data-medium-file=\"https:\/\/sosuaonline.net\/inicio\/wp-content\/uploads\/2024\/10\/images.jpg\" data-large-file=\"https:\/\/sosuaonline.net\/inicio\/wp-content\/uploads\/2024\/10\/images.jpg\" src=\"http:\/\/sosuaonline.net\/inicio\/wp-content\/uploads\/2024\/10\/images.jpg\" alt=\"\" class=\"wp-image-99592\" \/><\/figure><\/div>\n\n\n\n<p><strong>Redacci\u00f3n.-&nbsp;<\/strong>En el&nbsp;<strong>segmento La Consulta<\/strong>, La doctora Lilliam Fondeur explica lo que implica el embarazo: s\u00edntomas, cuidados y etapas del desarrollo fetal.<\/p>\n\n\n\n<p>\u00abPrimero debemos saber: \u00bfqu\u00e9 est\u00e1 pasando en nuestro cuerpo? Durante las primeras doce semanas del embarazo, es cuando se est\u00e1 formando la criatura; esta etapa se conoce como embriog\u00e9nesis\u00bb, coment\u00f3 la doctora.<\/p>\n\n\n\n<p>La especialista especific\u00f3 que en esta fase del embarazo es ideal no consumir f\u00e1rmacos, es decir , ning\u00fan medicamento que no sea prescrito por tu obstetra.<\/p>\n\n\n\n<p>Fondeur apunt\u00f3 que, el \u00e1cido f\u00f3lico es muy importante y debe de utilizarse desde antes de salir embarazada.<\/p>\n\n\n\n<p>La especialista explic\u00f3 que, desde el momento en que se confirma el embarazo, solo se debe consumiracetaminof\u00e9n para el dolor, sin importar el tipo de dolor.<\/p>\n\n\n\n<p>\u201cEn las primeras doce semanas, ojala no consumas nada que no sea \u00e1cido f\u00f3lico y una buena alimentaci\u00f3n\u201d, dijo Fondeur.<\/p>\n\n\n\n<p>La doctora aclar\u00f3 que al inicio del embarazo es normal sentir mucho sue\u00f1o, lo cual es producto del aumento de progesterona.<\/p>\n\n\n\n<p>\u201cPuedes acicalarte todo lo que quieras, pintarte las u\u00f1as, ponerte acr\u00edlicas, lavarte el pelo y hacerte cualquier tipo de tratamiento capilar\u201d, explic\u00f3 la especialista ante las preguntas de algunas embarazadas.<\/p>\n\n\n\n<p><\/p>\n","protected":false},"excerpt":{"rendered":"<p>Redacci\u00f3n.-&nbsp;En el&nbsp;segmento La Consulta, La doctora Lilliam Fondeur explica lo que implica el embarazo: s\u00edntomas, cuidados y etapas del desarrollo fetal. \u00abPrimero debemos saber: \u00bfqu\u00e9 est\u00e1 pasando en nuestro cuerpo? Durante las primeras doce semanas del embarazo, es cuando se est\u00e1 formando la criatura; esta etapa se conoce como embriog\u00e9nesis\u00bb, coment\u00f3 la doctora. La especialista especific\u00f3 que en esta fase del embarazo es ideal no consumir f\u00e1rmacos, es decir , ning\u00fan medicamento que no sea prescrito por tu obstetra. Fondeur apunt\u00f3 que, el \u00e1cido f\u00f3lico es muy importante y debe de utilizarse desde antes de salir embarazada. La especialista explic\u00f3 que, desde el momento en que se confirma el embarazo, solo se debe consumiracetaminof\u00e9n para el dolor, sin importar el tipo de dolor. \u201cEn las primeras doce semanas, ojala no consumas nada que no sea \u00e1cido f\u00f3lico y una buena alimentaci\u00f3n\u201d, dijo Fondeur. La doctora aclar\u00f3 que al inicio del embarazo es normal sentir mucho sue\u00f1o, lo cual es producto del aumento de progesterona. \u201cPuedes acicalarte todo lo que quieras, pintarte las u\u00f1as, ponerte acr\u00edlicas, lavarte el pelo y hacerte cualquier tipo de tratamiento capilar\u201d, explic\u00f3 la especialista ante las preguntas de algunas embarazadas.<\/p>\n","protected":false},"author":9,"featured_media":99592,"comment_status":"closed","ping_status":"closed","sticky":false,"template":"","format":"standard","meta":{"advanced_seo_description":"","jetpack_seo_html_title":"","jetpack_seo_noindex":false,"_jetpack_memberships_contains_paid_content":false,"footnotes":"","jetpack_publicize_message":"","jetpack_publicize_feature_enabled":true,"jetpack_social_post_already_shared":false,"jetpack_social_options":{"image_generator_settings":{"template":"highway","default_image_id":0,"font":"","enabled":false},"version":2}},"categories":[6],"tags":[],"class_list":["post-99591","post","type-post","status-publish","format-standard","has-post-thumbnail","hentry","category-salud-bienestar"],"jetpack_publicize_connections":[],"jetpack_featured_media_url":"https:\/\/sosuaonline.net\/inicio\/wp-content\/uploads\/2024\/10\/images.jpg","jetpack_sharing_enabled":true,"_links":{"self":[{"href":"https:\/\/sosuaonline.net\/inicio\/wp-json\/wp\/v2\/posts\/99591","targetHints":{"allow":["GET"]}}],"collection":[{"href":"https:\/\/sosuaonline.net\/inicio\/wp-json\/wp\/v2\/posts"}],"about":[{"href":"https:\/\/sosuaonline.net\/inicio\/wp-json\/wp\/v2\/types\/post"}],"author":[{"embeddable":true,"href":"https:\/\/sosuaonline.net\/inicio\/wp-json\/wp\/v2\/users\/9"}],"replies":[{"embeddable":true,"href":"https:\/\/sosuaonline.net\/inicio\/wp-json\/wp\/v2\/comments?post=99591"}],"version-history":[{"count":1,"href":"https:\/\/sosuaonline.net\/inicio\/wp-json\/wp\/v2\/posts\/99591\/revisions"}],"predecessor-version":[{"id":99593,"href":"https:\/\/sosuaonline.net\/inicio\/wp-json\/wp\/v2\/posts\/99591\/revisions\/99593"}],"wp:featuredmedia":[{"embeddable":true,"href":"https:\/\/sosuaonline.net\/inicio\/wp-json\/wp\/v2\/media\/99592"}],"wp:attachment":[{"href":"https:\/\/sosuaonline.net\/inicio\/wp-json\/wp\/v2\/media?parent=99591"}],"wp:term":[{"taxonomy":"category","embeddable":true,"href":"https:\/\/sosuaonline.net\/inicio\/wp-json\/wp\/v2\/categories?post=99591"},{"taxonomy":"post_tag","embeddable":true,"href":"https:\/\/sosuaonline.net\/inicio\/wp-json\/wp\/v2\/tags?post=99591"}],"curies":[{"name":"wp","href":"https:\/\/api.w.org\/{rel}","templated":true}]}}