{"id":99595,"date":"2024-10-09T09:37:17","date_gmt":"2024-10-09T13:37:17","guid":{"rendered":"http:\/\/sosuaonline.net\/inicio\/?p=99595"},"modified":"2024-10-09T09:59:38","modified_gmt":"2024-10-09T13:59:38","slug":"cerveza-ferringer-recibe-plata-en-la-copa-internacional-de-cervezas-en-medellin-colombia","status":"publish","type":"post","link":"https:\/\/sosuaonline.net\/inicio\/cerveza-ferringer-recibe-plata-en-la-copa-internacional-de-cervezas-en-medellin-colombia\/","title":{"rendered":"Cerveza Ferringer recibe plata en la Copa Internacional de Cervezas en Medell\u00edn, Colombia"},"content":{"rendered":"\n<figure class=\"wp-block-image size-large\"><img loading=\"lazy\" decoding=\"async\" width=\"848\" height=\"1024\" data-attachment-id=\"99596\" data-permalink=\"https:\/\/sosuaonline.net\/inicio\/cerveza-ferringer-recibe-plata-en-la-copa-internacional-de-cervezas-en-medellin-colombia\/cerveza-artesanal-rd\/\" data-orig-file=\"https:\/\/sosuaonline.net\/inicio\/wp-content\/uploads\/2024\/10\/cerveza-artesanal-RD.jpg\" data-orig-size=\"1290,1558\" data-comments-opened=\"0\" data-image-meta=\"{&quot;aperture&quot;:&quot;0&quot;,&quot;credit&quot;:&quot;&quot;,&quot;camera&quot;:&quot;&quot;,&quot;caption&quot;:&quot;&quot;,&quot;created_timestamp&quot;:&quot;0&quot;,&quot;copyright&quot;:&quot;&quot;,&quot;focal_length&quot;:&quot;0&quot;,&quot;iso&quot;:&quot;0&quot;,&quot;shutter_speed&quot;:&quot;0&quot;,&quot;title&quot;:&quot;&quot;,&quot;orientation&quot;:&quot;1&quot;}\" data-image-title=\"cerveza-artesanal-RD\" data-image-description=\"\" data-image-caption=\"\" data-medium-file=\"https:\/\/sosuaonline.net\/inicio\/wp-content\/uploads\/2024\/10\/cerveza-artesanal-RD-248x300.jpg\" data-large-file=\"https:\/\/sosuaonline.net\/inicio\/wp-content\/uploads\/2024\/10\/cerveza-artesanal-RD-848x1024.jpg\" src=\"https:\/\/sosuaonline.net\/inicio\/wp-content\/uploads\/2024\/10\/cerveza-artesanal-RD-848x1024.jpg\" alt=\"\" class=\"wp-image-99596\" srcset=\"https:\/\/sosuaonline.net\/inicio\/wp-content\/uploads\/2024\/10\/cerveza-artesanal-RD-848x1024.jpg 848w, https:\/\/sosuaonline.net\/inicio\/wp-content\/uploads\/2024\/10\/cerveza-artesanal-RD-248x300.jpg 248w, https:\/\/sosuaonline.net\/inicio\/wp-content\/uploads\/2024\/10\/cerveza-artesanal-RD-768x928.jpg 768w, https:\/\/sosuaonline.net\/inicio\/wp-content\/uploads\/2024\/10\/cerveza-artesanal-RD-497x600.jpg 497w, https:\/\/sosuaonline.net\/inicio\/wp-content\/uploads\/2024\/10\/cerveza-artesanal-RD.jpg 1290w\" sizes=\"auto, (max-width: 848px) 100vw, 848px\" \/><\/figure>\n\n\n\n<p>Hacer cerveza artesanal es mucho m\u00e1s que una simple actividad; es un verdadero acto de amor y pasi\u00f3n que se transforma en una experiencia \u00fanica para los sentidos. En esta ocasi\u00f3n, esta dedicaci\u00f3n ha sido premiada con un reconocimiento significativo: Cerveza Ferringer ha obtenido la medalla de plata en la categor\u00eda homebrewer en la 6ta Edici\u00f3n de la Copa Internacional de Cervezas, celebrada en Medell\u00edn, Colombia, un evento organizado por&nbsp;<a href=\"https:\/\/www.instagram.com\/lapoladorada?igsh=Y2gydzBheGxveTYx\" target=\"_blank\" rel=\"noreferrer noopener\">La Pola Dorada<\/a>.<\/p>\n\n\n\n<p>El fundador, Salvador Ferrer, expres\u00f3 con emoci\u00f3n: \u00abGracias a las experiencias obtenidas en los pasados tres eventos internacionales en los que hemos participado, hoy recibimos con mucha alegr\u00eda y humildad este reconocimiento, que no es nuestro sino de todos ustedes.\u00bb Estas palabras reflejan la esencia del emprendimiento: el valor de la comunidad y el apoyo mutuo.<\/p>\n\n\n\n<p>Este galard\u00f3n no solo representa un hito personal para Cerveza Ferringer, sino tambi\u00e9n un motivo de orgullo para Constanza y la Rep\u00fablica Dominicana. Cada reconocimiento es un compromiso renovado para seguir ofreciendo lo mejor en cada lote de cerveza elaborado.<\/p>\n\n\n\n<p>Desde Constanza Digital, extendemos nuestras m\u00e1s sinceras felicitaciones a&nbsp;<a href=\"https:\/\/www.instagram.com\/salvadorferrer?igsh=MW5zbzEzNjlnNmIxZw==\" target=\"_blank\" rel=\"noreferrer noopener\">Salvador Ferrer<\/a>&nbsp;y a&nbsp;<a href=\"https:\/\/www.instagram.com\/laesquinard?igsh=MWtmdXY1ejFpbndhcA==\">La Esquina Gastrobar<\/a>&nbsp;por este merecido reconocimiento. Su dedicaci\u00f3n y pasi\u00f3n por la cerveza artesanal son una inspiraci\u00f3n para todos.<\/p>\n\n\n\n<blockquote class=\"wp-block-quote is-layout-flow wp-block-quote-is-layout-flow\"><p><strong>FERRINGER: La Pasi\u00f3n Detr\u00e1s de la Cerveza Artesanal \u00a1Un Reconocimiento a la Excelencia!<\/strong><\/p><p><strong>Invitaci\u00f3n a So\u00f1ar y Emprender<\/strong><\/p><\/blockquote>\n\n\n\n<figure class=\"wp-block-image size-large\"><img loading=\"lazy\" decoding=\"async\" width=\"768\" height=\"1024\" data-attachment-id=\"99597\" data-permalink=\"https:\/\/sosuaonline.net\/inicio\/cerveza-ferringer-recibe-plata-en-la-copa-internacional-de-cervezas-en-medellin-colombia\/d70f04a0-6908-4590-8244-a18fc337a357-1-768x1024-1\/\" data-orig-file=\"https:\/\/sosuaonline.net\/inicio\/wp-content\/uploads\/2024\/10\/d70f04a0-6908-4590-8244-a18fc337a357-1-768x1024-1.jpg\" data-orig-size=\"768,1024\" data-comments-opened=\"0\" data-image-meta=\"{&quot;aperture&quot;:&quot;0&quot;,&quot;credit&quot;:&quot;&quot;,&quot;camera&quot;:&quot;&quot;,&quot;caption&quot;:&quot;&quot;,&quot;created_timestamp&quot;:&quot;1728227136&quot;,&quot;copyright&quot;:&quot;&quot;,&quot;focal_length&quot;:&quot;0&quot;,&quot;iso&quot;:&quot;0&quot;,&quot;shutter_speed&quot;:&quot;0&quot;,&quot;title&quot;:&quot;&quot;,&quot;orientation&quot;:&quot;1&quot;}\" data-image-title=\"d70f04a0-6908-4590-8244-a18fc337a357-1-768&amp;#215;1024-1\" data-image-description=\"\" data-image-caption=\"\" data-medium-file=\"https:\/\/sosuaonline.net\/inicio\/wp-content\/uploads\/2024\/10\/d70f04a0-6908-4590-8244-a18fc337a357-1-768x1024-1-225x300.jpg\" data-large-file=\"https:\/\/sosuaonline.net\/inicio\/wp-content\/uploads\/2024\/10\/d70f04a0-6908-4590-8244-a18fc337a357-1-768x1024-1.jpg\" src=\"https:\/\/sosuaonline.net\/inicio\/wp-content\/uploads\/2024\/10\/d70f04a0-6908-4590-8244-a18fc337a357-1-768x1024-1.jpg\" alt=\"\" class=\"wp-image-99597\" srcset=\"https:\/\/sosuaonline.net\/inicio\/wp-content\/uploads\/2024\/10\/d70f04a0-6908-4590-8244-a18fc337a357-1-768x1024-1.jpg 768w, https:\/\/sosuaonline.net\/inicio\/wp-content\/uploads\/2024\/10\/d70f04a0-6908-4590-8244-a18fc337a357-1-768x1024-1-225x300.jpg 225w, https:\/\/sosuaonline.net\/inicio\/wp-content\/uploads\/2024\/10\/d70f04a0-6908-4590-8244-a18fc337a357-1-768x1024-1-450x600.jpg 450w\" sizes=\"auto, (max-width: 768px) 100vw, 768px\" \/><\/figure>\n\n\n\n<p>Si tienes un sue\u00f1o o un proyecto en mente, recuerda que la pasi\u00f3n y la dedicaci\u00f3n son tus mejores aliados. Cada paso que das hacia tu meta es un acto de valent\u00eda y esfuerzo. No desistas ante los obst\u00e1culos; en cada desaf\u00edo hay una oportunidad para crecer y aprender.<\/p>\n\n\n\n<p>En este camino de emprendimiento, el apoyo de la comunidad y la celebraci\u00f3n de los logros son esenciales. Comparte tus experiencias, inspira a otros y nunca dejes de perseguir tus sue\u00f1os.<\/p>\n\n\n\n<figure class=\"wp-block-image size-large\"><img loading=\"lazy\" decoding=\"async\" width=\"1024\" height=\"918\" data-attachment-id=\"99598\" data-permalink=\"https:\/\/sosuaonline.net\/inicio\/cerveza-ferringer-recibe-plata-en-la-copa-internacional-de-cervezas-en-medellin-colombia\/ebab005d-c7a6-4330-867d-8a1b5fa0fb0e-1-1024x918-1\/\" data-orig-file=\"https:\/\/sosuaonline.net\/inicio\/wp-content\/uploads\/2024\/10\/ebab005d-c7a6-4330-867d-8a1b5fa0fb0e-1-1024x918-1.jpg\" data-orig-size=\"1024,918\" data-comments-opened=\"0\" data-image-meta=\"{&quot;aperture&quot;:&quot;0&quot;,&quot;credit&quot;:&quot;&quot;,&quot;camera&quot;:&quot;&quot;,&quot;caption&quot;:&quot;&quot;,&quot;created_timestamp&quot;:&quot;1728227136&quot;,&quot;copyright&quot;:&quot;&quot;,&quot;focal_length&quot;:&quot;0&quot;,&quot;iso&quot;:&quot;0&quot;,&quot;shutter_speed&quot;:&quot;0&quot;,&quot;title&quot;:&quot;&quot;,&quot;orientation&quot;:&quot;1&quot;}\" data-image-title=\"ebab005d-c7a6-4330-867d-8a1b5fa0fb0e-1-1024&amp;#215;918-1\" data-image-description=\"\" data-image-caption=\"\" data-medium-file=\"https:\/\/sosuaonline.net\/inicio\/wp-content\/uploads\/2024\/10\/ebab005d-c7a6-4330-867d-8a1b5fa0fb0e-1-1024x918-1-300x269.jpg\" data-large-file=\"https:\/\/sosuaonline.net\/inicio\/wp-content\/uploads\/2024\/10\/ebab005d-c7a6-4330-867d-8a1b5fa0fb0e-1-1024x918-1.jpg\" src=\"https:\/\/sosuaonline.net\/inicio\/wp-content\/uploads\/2024\/10\/ebab005d-c7a6-4330-867d-8a1b5fa0fb0e-1-1024x918-1.jpg\" alt=\"\" class=\"wp-image-99598\" srcset=\"https:\/\/sosuaonline.net\/inicio\/wp-content\/uploads\/2024\/10\/ebab005d-c7a6-4330-867d-8a1b5fa0fb0e-1-1024x918-1.jpg 1024w, https:\/\/sosuaonline.net\/inicio\/wp-content\/uploads\/2024\/10\/ebab005d-c7a6-4330-867d-8a1b5fa0fb0e-1-1024x918-1-300x269.jpg 300w, https:\/\/sosuaonline.net\/inicio\/wp-content\/uploads\/2024\/10\/ebab005d-c7a6-4330-867d-8a1b5fa0fb0e-1-1024x918-1-768x689.jpg 768w, https:\/\/sosuaonline.net\/inicio\/wp-content\/uploads\/2024\/10\/ebab005d-c7a6-4330-867d-8a1b5fa0fb0e-1-1024x918-1-600x538.jpg 600w\" sizes=\"auto, (max-width: 1024px) 100vw, 1024px\" \/><\/figure>\n\n\n\n<h2 class=\"wp-block-heading\"><strong>Sobre La Pola Dorada<\/strong><\/h2>\n\n\n\n<p>La Pola Dorada es una organizaci\u00f3n que se dedica a promover la cultura cervecera, creando espacios de encuentro y celebraci\u00f3n para los amantes de la cerveza artesanal. Su compromiso con la excelencia y la innovaci\u00f3n en la industria cervecera es un pilar fundamental para el crecimiento de este sector, fomentando el talento local y el reconocimiento internacional.<\/p>\n\n\n\n<p><\/p>\n\n\n\n<p><a href=\"https:\/\/constanzadigital.com\/noticias\/?p=5137&amp;amp=1\">FUENTE<\/a><\/p>\n","protected":false},"excerpt":{"rendered":"<p>Hacer cerveza artesanal es mucho m\u00e1s que una simple actividad; es un verdadero acto de amor y pasi\u00f3n que se transforma en una experiencia \u00fanica para los sentidos. En esta ocasi\u00f3n, esta dedicaci\u00f3n ha sido premiada con un reconocimiento significativo: Cerveza Ferringer ha obtenido la medalla de plata en la categor\u00eda homebrewer en la 6ta Edici\u00f3n de la Copa Internacional de Cervezas, celebrada en Medell\u00edn, Colombia, un evento organizado por&nbsp;La Pola Dorada. El fundador, Salvador Ferrer, expres\u00f3 con emoci\u00f3n: \u00abGracias a las experiencias obtenidas en los pasados tres eventos internacionales en los que hemos participado, hoy recibimos con mucha alegr\u00eda y humildad este reconocimiento, que no es nuestro sino de todos ustedes.\u00bb Estas palabras reflejan la esencia del emprendimiento: el valor de la comunidad y el apoyo mutuo. Este galard\u00f3n no solo representa un hito personal para Cerveza Ferringer, sino tambi\u00e9n un motivo de orgullo para Constanza y la Rep\u00fablica Dominicana. Cada reconocimiento es un compromiso renovado para seguir ofreciendo lo mejor en cada lote de cerveza elaborado. Desde Constanza Digital, extendemos nuestras m\u00e1s sinceras felicitaciones a&nbsp;Salvador Ferrer&nbsp;y a&nbsp;La Esquina Gastrobar&nbsp;por este merecido reconocimiento. Su dedicaci\u00f3n y pasi\u00f3n por la cerveza artesanal son una inspiraci\u00f3n para todos. FERRINGER: La Pasi\u00f3n Detr\u00e1s de la Cerveza Artesanal \u00a1Un Reconocimiento a la Excelencia! Invitaci\u00f3n a So\u00f1ar y Emprender Si tienes un sue\u00f1o o un proyecto en mente, recuerda que la pasi\u00f3n y la dedicaci\u00f3n son tus mejores aliados. Cada paso que das hacia tu meta es un acto de valent\u00eda y esfuerzo. No desistas ante los obst\u00e1culos; en cada desaf\u00edo hay una oportunidad para crecer y aprender. En este camino de emprendimiento, el apoyo de la comunidad y la celebraci\u00f3n de los logros son esenciales. Comparte tus experiencias, inspira a otros y nunca dejes de perseguir tus sue\u00f1os. Sobre La Pola Dorada La Pola Dorada es una organizaci\u00f3n que se dedica a promover la cultura cervecera, creando espacios de encuentro y celebraci\u00f3n para los amantes de la cerveza artesanal. Su compromiso con la excelencia y la innovaci\u00f3n en la industria cervecera es un pilar fundamental para el crecimiento de este sector, fomentando el talento local y el reconocimiento internacional. FUENTE<\/p>\n","protected":false},"author":12,"featured_media":99596,"comment_status":"closed","ping_status":"closed","sticky":false,"template":"","format":"standard","meta":{"advanced_seo_description":"","jetpack_seo_html_title":"","jetpack_seo_noindex":false,"_jetpack_memberships_contains_paid_content":false,"footnotes":"","jetpack_publicize_message":"","jetpack_publicize_feature_enabled":true,"jetpack_social_post_already_shared":false,"jetpack_social_options":{"image_generator_settings":{"template":"highway","default_image_id":0,"font":"","enabled":false},"version":2}},"categories":[311,460],"tags":[],"class_list":["post-99595","post","type-post","status-publish","format-standard","has-post-thumbnail","hentry","category-interesante-online","category-turismo-online"],"jetpack_publicize_connections":[],"jetpack_featured_media_url":"https:\/\/sosuaonline.net\/inicio\/wp-content\/uploads\/2024\/10\/cerveza-artesanal-RD.jpg","jetpack_sharing_enabled":true,"_links":{"self":[{"href":"https:\/\/sosuaonline.net\/inicio\/wp-json\/wp\/v2\/posts\/99595","targetHints":{"allow":["GET"]}}],"collection":[{"href":"https:\/\/sosuaonline.net\/inicio\/wp-json\/wp\/v2\/posts"}],"about":[{"href":"https:\/\/sosuaonline.net\/inicio\/wp-json\/wp\/v2\/types\/post"}],"author":[{"embeddable":true,"href":"https:\/\/sosuaonline.net\/inicio\/wp-json\/wp\/v2\/users\/12"}],"replies":[{"embeddable":true,"href":"https:\/\/sosuaonline.net\/inicio\/wp-json\/wp\/v2\/comments?post=99595"}],"version-history":[{"count":1,"href":"https:\/\/sosuaonline.net\/inicio\/wp-json\/wp\/v2\/posts\/99595\/revisions"}],"predecessor-version":[{"id":99599,"href":"https:\/\/sosuaonline.net\/inicio\/wp-json\/wp\/v2\/posts\/99595\/revisions\/99599"}],"wp:featuredmedia":[{"embeddable":true,"href":"https:\/\/sosuaonline.net\/inicio\/wp-json\/wp\/v2\/media\/99596"}],"wp:attachment":[{"href":"https:\/\/sosuaonline.net\/inicio\/wp-json\/wp\/v2\/media?parent=99595"}],"wp:term":[{"taxonomy":"category","embeddable":true,"href":"https:\/\/sosuaonline.net\/inicio\/wp-json\/wp\/v2\/categories?post=99595"},{"taxonomy":"post_tag","embeddable":true,"href":"https:\/\/sosuaonline.net\/inicio\/wp-json\/wp\/v2\/tags?post=99595"}],"curies":[{"name":"wp","href":"https:\/\/api.w.org\/{rel}","templated":true}]}}