{"id":99600,"date":"2024-10-09T10:38:35","date_gmt":"2024-10-09T14:38:35","guid":{"rendered":"http:\/\/sosuaonline.net\/inicio\/?p=99600"},"modified":"2024-10-09T10:40:03","modified_gmt":"2024-10-09T14:40:03","slug":"inicio-de-plan-de-ambiental-en-sosua","status":"publish","type":"post","link":"https:\/\/sosuaonline.net\/inicio\/inicio-de-plan-de-ambiental-en-sosua\/","title":{"rendered":"Inicio de plan de Ambiental en Sos\u00faa"},"content":{"rendered":"\n<figure class=\"wp-block-image size-large\"><img loading=\"lazy\" decoding=\"async\" width=\"1024\" height=\"768\" data-attachment-id=\"99601\" data-permalink=\"https:\/\/sosuaonline.net\/inicio\/inicio-de-plan-de-ambiental-en-sosua\/estudiantes-en-plan-medio-ambiental-sosua\/\" data-orig-file=\"https:\/\/sosuaonline.net\/inicio\/wp-content\/uploads\/2024\/10\/estudiantes-en-plan-medio-ambiental-sosua.jpg\" data-orig-size=\"1200,900\" data-comments-opened=\"0\" data-image-meta=\"{&quot;aperture&quot;:&quot;0&quot;,&quot;credit&quot;:&quot;&quot;,&quot;camera&quot;:&quot;&quot;,&quot;caption&quot;:&quot;&quot;,&quot;created_timestamp&quot;:&quot;0&quot;,&quot;copyright&quot;:&quot;&quot;,&quot;focal_length&quot;:&quot;0&quot;,&quot;iso&quot;:&quot;0&quot;,&quot;shutter_speed&quot;:&quot;0&quot;,&quot;title&quot;:&quot;&quot;,&quot;orientation&quot;:&quot;0&quot;}\" data-image-title=\"estudiantes-en-plan-medio-ambiental-sosua\" data-image-description=\"\" data-image-caption=\"\" data-medium-file=\"https:\/\/sosuaonline.net\/inicio\/wp-content\/uploads\/2024\/10\/estudiantes-en-plan-medio-ambiental-sosua-300x225.jpg\" data-large-file=\"https:\/\/sosuaonline.net\/inicio\/wp-content\/uploads\/2024\/10\/estudiantes-en-plan-medio-ambiental-sosua-1024x768.jpg\" src=\"https:\/\/sosuaonline.net\/inicio\/wp-content\/uploads\/2024\/10\/estudiantes-en-plan-medio-ambiental-sosua-1024x768.jpg\" alt=\"\" class=\"wp-image-99601\" srcset=\"https:\/\/sosuaonline.net\/inicio\/wp-content\/uploads\/2024\/10\/estudiantes-en-plan-medio-ambiental-sosua-1024x768.jpg 1024w, https:\/\/sosuaonline.net\/inicio\/wp-content\/uploads\/2024\/10\/estudiantes-en-plan-medio-ambiental-sosua-300x225.jpg 300w, https:\/\/sosuaonline.net\/inicio\/wp-content\/uploads\/2024\/10\/estudiantes-en-plan-medio-ambiental-sosua-768x576.jpg 768w, https:\/\/sosuaonline.net\/inicio\/wp-content\/uploads\/2024\/10\/estudiantes-en-plan-medio-ambiental-sosua-600x450.jpg 600w, https:\/\/sosuaonline.net\/inicio\/wp-content\/uploads\/2024\/10\/estudiantes-en-plan-medio-ambiental-sosua.jpg 1200w\" sizes=\"auto, (max-width: 1024px) 100vw, 1024px\" \/><figcaption> Autoridades junto a estudiantes en inicio Plan Medio Ambiental Sos\u00faa <\/figcaption><\/figure>\n\n\n\n<h5 class=\"wp-block-heading\">Sos\u00faa.- De acuerdo con el plan ambiental municipal, se ha iniciado un programa de reforestaci\u00f3n en las riberas del <strong>Rio Sos\u00faa<\/strong>. La ma\u00f1ana de este martes, el municipio lanz\u00f3 un ambicioso plan ambiental, auspiciado por el alcalde <strong>Wilfredo Olivence<\/strong>, encabezado por <strong>Henriquez S\u00e1nchez<\/strong>, Director Ambiental del Municipio, y con la participaci\u00f3n del concejal Fausto Santos. <\/h5>\n\n\n\n<h5 class=\"wp-block-heading\">Durante el acto, adem\u00e1s de Olivence y Santos, la reconocida empresaria Vanesa Hern\u00e1ndez tambi\u00e9n pronunci\u00f3 palabras de apoyo a esta importante iniciativa. Este plan incluye un amplio programa de reforestaci\u00f3n en las riberas del R\u00edo Sos\u00faa, as\u00ed como en otras zonas claves del municipio, con el objetivo de restaurar y proteger los recursos naturales locales.<\/h5>\n\n\n\n<figure class=\"wp-block-image size-large\"><img loading=\"lazy\" decoding=\"async\" width=\"1024\" height=\"644\" data-attachment-id=\"99602\" data-permalink=\"https:\/\/sosuaonline.net\/inicio\/inicio-de-plan-de-ambiental-en-sosua\/plan-medio-ambiental-sosua\/\" data-orig-file=\"https:\/\/sosuaonline.net\/inicio\/wp-content\/uploads\/2024\/10\/plan-medio-ambiental-sosua.jpg\" data-orig-size=\"1200,755\" data-comments-opened=\"0\" data-image-meta=\"{&quot;aperture&quot;:&quot;0&quot;,&quot;credit&quot;:&quot;&quot;,&quot;camera&quot;:&quot;&quot;,&quot;caption&quot;:&quot;&quot;,&quot;created_timestamp&quot;:&quot;0&quot;,&quot;copyright&quot;:&quot;&quot;,&quot;focal_length&quot;:&quot;0&quot;,&quot;iso&quot;:&quot;0&quot;,&quot;shutter_speed&quot;:&quot;0&quot;,&quot;title&quot;:&quot;&quot;,&quot;orientation&quot;:&quot;0&quot;}\" data-image-title=\"plan-medio-ambiental-sosua\" data-image-description=\"\" data-image-caption=\"\" data-medium-file=\"https:\/\/sosuaonline.net\/inicio\/wp-content\/uploads\/2024\/10\/plan-medio-ambiental-sosua-300x189.jpg\" data-large-file=\"https:\/\/sosuaonline.net\/inicio\/wp-content\/uploads\/2024\/10\/plan-medio-ambiental-sosua-1024x644.jpg\" src=\"https:\/\/sosuaonline.net\/inicio\/wp-content\/uploads\/2024\/10\/plan-medio-ambiental-sosua-1024x644.jpg\" alt=\"\" class=\"wp-image-99602\" srcset=\"https:\/\/sosuaonline.net\/inicio\/wp-content\/uploads\/2024\/10\/plan-medio-ambiental-sosua-1024x644.jpg 1024w, https:\/\/sosuaonline.net\/inicio\/wp-content\/uploads\/2024\/10\/plan-medio-ambiental-sosua-300x189.jpg 300w, https:\/\/sosuaonline.net\/inicio\/wp-content\/uploads\/2024\/10\/plan-medio-ambiental-sosua-768x483.jpg 768w, https:\/\/sosuaonline.net\/inicio\/wp-content\/uploads\/2024\/10\/plan-medio-ambiental-sosua-600x378.jpg 600w, https:\/\/sosuaonline.net\/inicio\/wp-content\/uploads\/2024\/10\/plan-medio-ambiental-sosua.jpg 1200w\" sizes=\"auto, (max-width: 1024px) 100vw, 1024px\" \/><figcaption>Autoridades Civiles y Miletares en Plan Medio Ambiental Sos\u00faa<\/figcaption><\/figure>\n\n\n\n<h5 class=\"wp-block-heading\">A la actividad acudieron numerosos alumnos de diferentes colegios e institutos, que estuvieron acompa\u00f1ados de sus profesores, demostrando el apoyo de los j\u00f3venes a la causa medioambiental. Tambi\u00e9n estuvieron presentes representantes de instituciones como La Defensa Civil, Turismo, Fuerza Aerea, Polic\u00eda Nacional, para apoyar la implicaci\u00f3n de la comunidad en el medio ambiente. <\/h5>\n\n\n\n<h5 class=\"wp-block-heading\">El alcalde Wilfredo Olivence destac\u00f3 la importancia de estas actuaciones para el futuro del municipio, destacando que el Plan de Medio Ambiente no solo persigue la reforestaci\u00f3n, sino tambi\u00e9n la concienciaci\u00f3n de los ciudadanos sobre la protecci\u00f3n de los recursos naturales.<\/h5>\n\n\n\n<p><\/p>\n","protected":false},"excerpt":{"rendered":"<p>Sos\u00faa.- De acuerdo con el plan ambiental municipal, se ha iniciado un programa de reforestaci\u00f3n en las riberas del Rio Sos\u00faa. La ma\u00f1ana de este martes, el municipio lanz\u00f3 un ambicioso plan ambiental, auspiciado por el alcalde Wilfredo Olivence, encabezado por Henriquez S\u00e1nchez, Director Ambiental del Municipio, y con la participaci\u00f3n del concejal Fausto Santos. Durante el acto, adem\u00e1s de Olivence y Santos, la reconocida empresaria Vanesa Hern\u00e1ndez tambi\u00e9n pronunci\u00f3 palabras de apoyo a esta importante iniciativa. Este plan incluye un amplio programa de reforestaci\u00f3n en las riberas del R\u00edo Sos\u00faa, as\u00ed como en otras zonas claves del municipio, con el objetivo de restaurar y proteger los recursos naturales locales. A la actividad acudieron numerosos alumnos de diferentes colegios e institutos, que estuvieron acompa\u00f1ados de sus profesores, demostrando el apoyo de los j\u00f3venes a la causa medioambiental. Tambi\u00e9n estuvieron presentes representantes de instituciones como La Defensa Civil, Turismo, Fuerza Aerea, Polic\u00eda Nacional, para apoyar la implicaci\u00f3n de la comunidad en el medio ambiente. El alcalde Wilfredo Olivence destac\u00f3 la importancia de estas actuaciones para el futuro del municipio, destacando que el Plan de Medio Ambiente no solo persigue la reforestaci\u00f3n, sino tambi\u00e9n la concienciaci\u00f3n de los ciudadanos sobre la protecci\u00f3n de los recursos naturales.<\/p>\n","protected":false},"author":12,"featured_media":99601,"comment_status":"closed","ping_status":"closed","sticky":false,"template":"","format":"standard","meta":{"advanced_seo_description":"","jetpack_seo_html_title":"","jetpack_seo_noindex":false,"_jetpack_memberships_contains_paid_content":false,"footnotes":"","jetpack_publicize_message":"","jetpack_publicize_feature_enabled":true,"jetpack_social_post_already_shared":false,"jetpack_social_options":{"image_generator_settings":{"template":"highway","default_image_id":0,"font":"","enabled":false},"version":2}},"categories":[3],"tags":[],"class_list":["post-99600","post","type-post","status-publish","format-standard","has-post-thumbnail","hentry","category-sosua-en-el-mundo"],"jetpack_publicize_connections":[],"jetpack_featured_media_url":"https:\/\/sosuaonline.net\/inicio\/wp-content\/uploads\/2024\/10\/estudiantes-en-plan-medio-ambiental-sosua.jpg","jetpack_sharing_enabled":true,"_links":{"self":[{"href":"https:\/\/sosuaonline.net\/inicio\/wp-json\/wp\/v2\/posts\/99600","targetHints":{"allow":["GET"]}}],"collection":[{"href":"https:\/\/sosuaonline.net\/inicio\/wp-json\/wp\/v2\/posts"}],"about":[{"href":"https:\/\/sosuaonline.net\/inicio\/wp-json\/wp\/v2\/types\/post"}],"author":[{"embeddable":true,"href":"https:\/\/sosuaonline.net\/inicio\/wp-json\/wp\/v2\/users\/12"}],"replies":[{"embeddable":true,"href":"https:\/\/sosuaonline.net\/inicio\/wp-json\/wp\/v2\/comments?post=99600"}],"version-history":[{"count":1,"href":"https:\/\/sosuaonline.net\/inicio\/wp-json\/wp\/v2\/posts\/99600\/revisions"}],"predecessor-version":[{"id":99603,"href":"https:\/\/sosuaonline.net\/inicio\/wp-json\/wp\/v2\/posts\/99600\/revisions\/99603"}],"wp:featuredmedia":[{"embeddable":true,"href":"https:\/\/sosuaonline.net\/inicio\/wp-json\/wp\/v2\/media\/99601"}],"wp:attachment":[{"href":"https:\/\/sosuaonline.net\/inicio\/wp-json\/wp\/v2\/media?parent=99600"}],"wp:term":[{"taxonomy":"category","embeddable":true,"href":"https:\/\/sosuaonline.net\/inicio\/wp-json\/wp\/v2\/categories?post=99600"},{"taxonomy":"post_tag","embeddable":true,"href":"https:\/\/sosuaonline.net\/inicio\/wp-json\/wp\/v2\/tags?post=99600"}],"curies":[{"name":"wp","href":"https:\/\/api.w.org\/{rel}","templated":true}]}}